{"id":2448,"date":"2019-08-28T15:11:45","date_gmt":"2019-08-28T14:11:45","guid":{"rendered":"http:\/\/bernardvanbaalen.com\/?p=2448"},"modified":"2019-08-28T15:11:45","modified_gmt":"2019-08-28T14:11:45","slug":"pourquoi-raconter-les-recits-de-la-resurrection","status":"publish","type":"post","link":"https:\/\/bernardvanbaalen.com\/?p=2448","title":{"rendered":"Pourquoi raconter les r\u00e9cits de la R\u00e9surrection ?"},"content":{"rendered":"\n<p class=\"has-medium-font-size\"><strong> J\u00e9sus entre la crucifixion et Pentec\u00f4te<\/strong><\/p>\n\n\n\n<p><\/p>\n\n\n\n<p> <em>Propositions de r\u00e9flexions autour de l&rsquo;exp\u00e9rience humaine <\/em>  <em>des lecteurs et auditeurs du 21e si\u00e8cle.<\/em> <em> <\/em><\/p>\n\n\n\n<p style=\"text-align:center;\"> <em>Pour l&rsquo;\u00e9quipe th\u00e9ologique de pr\u00e9paration du <\/em> Camp Biblique Oecum\u00e9nique de Vaumarcus   2020  <\/p>\n\n\n\n<p>Si nous pouvons comprendre le sentiment des amis de J\u00e9sus de Nazareth apr\u00e8s sa mort, lorsqu&rsquo;ils se retrouvent dans le projet commun d&rsquo;annonce du \u00ab\u00a0Royaume de Dieu\u00a0\u00bb. Il s&rsquo;agit bien d&rsquo;une incitation \u00e0 changer le mode de perception des Dix Paroles pour les faire passer des \u00ab\u00a0commandements \u00e0 ne pas transgresser\u00a0\u00bb, \u00e0 un encouragement \u00e0 aimer Dieu, et donc son prochain, avec imagination, pour se lib\u00e9rer des culpabilit\u00e9s et des infirmit\u00e9s mortif\u00e8res. (Voir mon article <em>J\u00e9sus, apr\u00e8s la mise au tombeau.)<\/em><\/p>\n\n\n\n<p>Je rappellerai \u00e0 cette\noccasion la phrase de Marshall McLuhan<a href=\"#sdfootnote1sym\"><sup>1<\/sup><\/a>\n\u00ab<em><strong>&nbsp;Le medium est le message<\/strong><\/em>&nbsp;\u00bb ce qui se\nd\u00e9montre \u00e0 l&rsquo;\u00e9vidence dans notre pratique de la Bible comme\nvecteur de la \u00ab&nbsp;Bonne Nouvelle&nbsp;\u00bb. Mais l\u00e0 il faut bien\ndistinguer le texte (medium) de son support (Le livre papier ou\n\u00e9lectronique) . Le texte est vecteur du \u00ab&nbsp;message&nbsp;\u00bb&nbsp;:\nil comporte aussi bien les paraboles, les r\u00e9cits apolog\u00e9tiques<a href=\"#sdfootnote2sym\"><sup>2<\/sup><\/a>,\nles souvenirs, et les interpr\u00e9tations des sentiments \u00e9prouv\u00e9s par\nles r\u00e9dacteurs. Le texte ne peut dans ce cas pas \u00eatre <em><strong>LE<\/strong><\/em>\nmessage, puisque, les pr\u00e9dicateurs de toutes les \u00e9poques l&rsquo;ont bien\nexprim\u00e9, le message peut aussi bien devenir pertinent \u00e0 travers\nd&rsquo;autres citations, textes, anecdotes et r\u00e9cits biographiques. Il ne\nfaut pas oublier non plus qu&rsquo;au d\u00e9but de la diffusion des r\u00e9cits\nque nous trouvons dans les \u00e9vangiles et le livre des actes, il n&rsquo;y\navait pas de support \u00e9crit, mais une transmission orale.<\/p>\n\n\n\n<p>Il n&rsquo;en reste pas moins, <em>ou plus<\/em>, que la pr\u00e9sence de ces r\u00e9cits dans le second testament  doit r\u00e9pondre \u00e0 une n\u00e9cessit\u00e9 que je voudrai essayer de recadrer dans le  contexte de l&rsquo;\u00e9poque et des pratiques de communication que nous  connaissons aujourd&rsquo;hui <\/p>\n\n\n\n<p>Les auteurs du Livre des\nActes, des \u00e9p\u00eetres, mais de tout le Second Testament en fait, sont\nconfront\u00e9s \u00e0 la n\u00e9cessit\u00e9 de \u00ab&nbsp;faire passer&nbsp;\u00bb le\nmessage de mani\u00e8re plus \u00ab&nbsp;contr\u00f4l\u00e9e&nbsp;\u00bb pour \u00e9vter les\nd\u00e9rives. Ils sont dans une situation culturelle o\u00f9 toutes sortes\nd&rsquo;histoires, de l\u00e9gendes, de mythologies traversent le monde\ngr\u00e9co-romain et oriental. Les philosophes proposent des conception\ndu monde et des relations humaines qui visent \u00e0 organiser la soci\u00e9t\u00e9\nen fonction des n\u00e9cessit\u00e9s politiques et sociales dont ils sont\nproches&nbsp;: Une organisation pyramidale dont l\u2019empereur, voir\nDieu, est au sommet, ou horizontale dont le \u00ab&nbsp;peuple&nbsp;\u00bb\nest souverain, si tous les citoyens sont \u00e9gaux <em>(plus ou moins)<\/em>\net rassembl\u00e9s dans un consensus d\u00e9lib\u00e9ratif.<a href=\"#sdfootnote3sym\"><sup>3<\/sup><\/a><\/p>\n\n\n\n<p>Comme le Live des Actes\nnous le pr\u00e9sente<a href=\"#sdfootnote4sym\"><sup>4<\/sup><\/a>\ndans le cas de Paul&nbsp;: dire que \u00ab&nbsp;J\u00e9sus est ressuscit\u00e9&nbsp;\u00bb\nn&rsquo;entre pas dans les cat\u00e9gories intellectuelles des philosophes\nd\u2019Ath\u00e8nes.<\/p>\n\n\n\n<p>Mais les philosophes ne\nsont pas les \u00ab&nbsp;clients&nbsp;\u00bb privil\u00e9gi\u00e9s des disciples de\nJ\u00e9sus de Nazareth, ceux qui sont vis\u00e9s sont ceux qui souffrent de\nleur situation pr\u00e9sente, ou qui sont responsables de la vie de leurs\ncontemporains, et accessoirement de leur propre vie. \n<\/p>\n\n\n\n<ol class=\"wp-block-list\"><li><strong>La validation du\n\t\u00ab&nbsp;porteur de la bonne Nouvelle&nbsp;\u00bb<\/strong>\n<\/li><\/ol>\n\n\n\n<p>Le premier testament nous\na abondamment expliqu\u00e9 que les Juges, les Proph\u00e8tes, les Rois ont\n\u00e9t\u00e9 adoub\u00e9s<a href=\"#sdfootnote5sym\"><sup>5<\/sup><\/a>\npar une autorit\u00e9 pr\u00e9c\u00e9dente sur l&rsquo;injonction de la divinit\u00e9, ou\nde l&rsquo;oracle, ou de la n\u00e9cessit\u00e9 de la situation<a href=\"#sdfootnote6sym\"><sup>6<\/sup><\/a>\n\n<\/p>\n\n\n\n<p>Les r\u00e9cits des\n\u00ab&nbsp;Aventures de J\u00e9sus de Nazareth&nbsp;\u00bb sont largement\nr\u00e9pandus dans le jud\u00e9o-christianisme qui se constitue d\u00e8s le\nr\u00e9tablissement des relations entre les t\u00e9moins de la vie de J\u00e9sus,\napr\u00e8s le choc de sa mort peu glorieuse aux yeux du monde.<\/p>\n\n\n\n<p>Nous sommes aussi \u00e0 une\n\u00e9poque ou fleurit ce que nous appellerions aujourd&rsquo;hui le \u00ab&nbsp;story\ntelling&nbsp;\u00bb&nbsp;: \u00ab&nbsp;conter des histoires&nbsp;\u00bb car les\npersonnes capables de lire sont rares, et les \u00e9crits le sont encore\nplus. La transmission des faits et gestes de J\u00e9sus et de ses amis se\nfait essentiellement oralement, et ce sera le cas jusqu&rsquo;\u00e0\nl&rsquo;invention de l&rsquo;imprimerie, sauf pour les \u00e9rudits qui ont acc\u00e8s\naux biblioth\u00e8ques, essentiellement dans les monast\u00e8res. Donc c&rsquo;est\nle \u00ab&nbsp;discours qiu est le message&nbsp;\u00bb pour reprendre l&rsquo;id\u00e9e\nde McLuhan.<\/p>\n\n\n\n<p>J\u00e9sus qui se pr\u00e9sentait\ncomme un \u00ab&nbsp;<em>fils de l&rsquo;homme<\/em>&nbsp;\u00bb soit un humain\nordinaire, va recevoir le titre de \u00ab&nbsp;<em><strong>Fils de l&rsquo;Homme&nbsp;<\/strong><\/em>\u00bb\ncomme attribut divin.  Le r\u00e9cit de son bapt\u00eame va \u00eatre soulign\u00e9\npar une parole c\u00e9leste&nbsp;: \u00ab&nbsp;<em>Celui-ci est mon Fils,\n\u00e9coutez-le<\/em>&nbsp;\u00bb<a href=\"#sdfootnote7sym\"><sup>7<\/sup><\/a>\net la \u00ab&nbsp;confession de Pierre&nbsp;\u00bb<a href=\"#sdfootnote8sym\"><sup>8<\/sup><\/a>\nqui sera le \u00ab&nbsp;premier Pape&nbsp;\u00bb (?) le pr\u00e9cisera quand\nJ\u00e9sus lui dira que c&rsquo;est sur cette \u00ab&nbsp;pierre&nbsp;\u00bb qu&rsquo;il\nb\u00e2tira son \u00e9glise<a href=\"#sdfootnote9sym\"><sup>9<\/sup><\/a>.<\/p>\n\n\n\n<p>D&rsquo;o\u00f9 sortait-t-il, celui\nqui avait grandi \u00e0 Nazareth, fils de Marie et de Joseph le\ncharpentier&nbsp;?  Contest\u00e9 se son vivant, mais n\u00e9 d&rsquo;un miracle\nconceptuel, facilement compr\u00e9hensible par les auditeurs du r\u00e9cit de\nsa naissance. Comme tous les \u00eatres divins connus, il est n\u00e9s de la\nconjugalit\u00e9 de (d&rsquo;un) Dieu avec une vierge tr\u00e8s humaine, qui\ndevient \u00ab&nbsp;sainte&nbsp;\u00bb par l&rsquo;action du Saint-Esprit&nbsp;:\nune \u00e9vidence incontr\u00f4lable 40 ou 50 ans plus tard.<\/p>\n\n\n\n<p>Ce qui est vraisemblable,\ndans l&rsquo;\u00e9ducation et l&rsquo;\u00e9volution d&rsquo;un jeune juif sera naturellement\naussi le parcours de J\u00e9sus de Nazareth reconstitu\u00e9 lorsqu&rsquo;il est\ndevenu un \u00ab&nbsp;<em>people&nbsp;<\/em>\u00bb \u00e0 l&rsquo;\u00e9poque. J&rsquo;utilise\nintentionnellement ce terme car il traduit pr\u00e9cis\u00e9ment la n\u00e9cessit\u00e9\npour une personne connue pour son franc parler et son discours\ndisruptif, d&rsquo;avoir quelque chose de commun, ou en tout cas de\ncompr\u00e9hensible par ses auditeurs.<\/p>\n\n\n\n<p><em>Qu&rsquo;avons nous besoin de savoir quelle fut l&rsquo;enfance de Roger Federer ou de Martina Navratilova pour admirer ou critiquer leurs mani\u00e8res de jouer ou de renvoyer la balle\u00a0?<\/em><\/p>\n\n\n\n<p><em>Pourtant, ils se font aimer et admirer quand on en sait un peu plus sur leurs parents, l&rsquo;\u00e9cole qu&rsquo;ils ont fr\u00e9quent\u00e9e, et leurs premiers coachs qui ont fait d&rsquo;eux ce qu&rsquo;ils sont devenus. La curiosit\u00e9 des auditeurs est une constante \u00ab&nbsp;historique&nbsp;\u00bb&nbsp;!<\/em><\/p>\n\n\n\n<p><\/p>\n\n\n\n<p>   Eug\u00e8ne Drewermann\u00a0 a publi\u00e9 en 1992 un ouvrage important sur la nativit\u00e9 de J\u00e9sus qui est la meilleure introduction \u00e0 sa m\u00e9thode pour interpr\u00e9ter, avec la \u00ab\u00a0psychologie des profondeurs\u00a0\u00bb, les grands textes et probl\u00e8mes religieux. Pour acc\u00e9der de fa\u00e7on neuve \u00e0 la naissance et \u00e0 l&rsquo;enfance de J\u00e9sus racont\u00e9es dans l&rsquo;\u00e9vangile de Luc, il les relie \u00e0 l&rsquo;h\u00e9ritage des mythes \u00e9gyptiens et grecs qui racontent la naissance divine d&rsquo;un homme (Pharaon) ou la naissance humaine d&rsquo;un sauveur divin (Asclepios, le dieu grec de la m\u00e9decine). Drewermann estime que l\u00e0, plus que dans l&rsquo;Ancien Testament, il faut chercher la source et le sens de ces r\u00e9cits, du merveilleux qui les entoure. En r\u00e9int\u00e9riorisant les symboles et les mythes de la naissance de l&rsquo;homme-Dieu, les \u00a0\u00bb arch\u00e9types \u00a0\u00bb universels des naissances extraordinaires, l&rsquo;homme ordinaire peut redevenir lui-m\u00eame et r\u00e9concilier en lui-m\u00eame la raison et le sentiment, le conscient et l&rsquo;inconscient, l&rsquo;enfant qu&rsquo;il demeure dans l&rsquo;adulte qu&rsquo;il est devenu, le divin et l&rsquo;humain qui sont pr\u00e9sents en tout fils de Dieu<em>.<a href=\"#sdfootnote10sym\"><sup>10<\/sup><\/a> <\/em> <\/p>\n\n\n\n<ol class=\"wp-block-list\"><li>\n\t<strong>L&rsquo;importance de la \u00ab&nbsp;<\/strong><em><strong>Pens\u00e9e\n\tMagique<\/strong><\/em><strong>&nbsp;\u00bb<a href=\"#sdfootnote11sym\"><sup>11<\/sup><\/a><\/strong>\n<\/li><\/ol>\n\n\n\n<p>C&rsquo;est\nune forme de pens\u00e9e qui s&rsquo;attribue la puissance de provoquer\nl&rsquo;accomplissement de d\u00e9sirs, l&#8217;emp\u00eachement d&rsquo;\u00e9v\u00e9nements ou la\nr\u00e9solution de probl\u00e8mes sans intervention mat\u00e9rielle. C&rsquo;est aussi\nune forme d&rsquo;expression pris\u00e9e par les hommes politiques<a href=\"#sdfootnote12sym\"><sup>12<\/sup><\/a>\net les chefs religieux toutes tendances confondues et de tous les\ntemps. \n<\/p>\n\n\n\n<p>\nLa pens\u00e9e magique illustre une r\u00e9alit\u00e9 comme support\nd&rsquo;un projet ou d&rsquo;une politique, d&rsquo;une soci\u00e9t\u00e9 id\u00e9ale en dehors des\ncontingences terrestres.<\/p>\n\n\n\n<p>C&rsquo;est\nle mode d&rsquo;expression favori de la presse <em>people<\/em>, GALA,\nPARIS-MATCH, Point de Vues-Images du Monde vous font r\u00eaver de\nprincesses, d&rsquo;actrices et d&rsquo;acteurs \u00e0 qui vous souhaitez ressembler\net qui vous poussent \u00e0 croire que c&rsquo;est donc possible&nbsp;: La\nT\u00e9l\u00e9-r\u00e9alit\u00e9 est votre r\u00e9f\u00e9rence, la religiosit\u00e9 est l&rsquo;offre\nhistoriquement la plus ancienne .<\/p>\n\n\n\n<p>Si\nl&rsquo;abus de \u00ab&nbsp;la pens\u00e9e magique&nbsp;\u00bb est critiquable voir\ncondamnable quand elle devient escroquerie, elle n&rsquo;en reste pas moins\nindispensable en publicit\u00e9. En rh\u00e9torique elle sert pour faire\nd\u00e9couvrir un processus intellectuel qui vous permettra d&rsquo;\u00e9voluer\ndans votre approche du monde, de la soci\u00e9t\u00e9 ou de votre avenir. Car\nc&rsquo;est en passant au tamis de la critique votre mode de pens\u00e9e que\nvous d\u00e9terminerez ce qui ressort de la \u00ab&nbsp;Pens\u00e9e Magique&nbsp;\u00bb\nou de la r\u00e9alit\u00e9 qui est \u00e0 votre port\u00e9e, m\u00eame id\u00e9alement.<\/p>\n\n\n\n<ol class=\"wp-block-list\"><li><strong>Du\n\tbon usage de la \u00ab&nbsp;<em>Pens\u00e9e Magique<\/em>&nbsp;\u00bb<\/strong>\n<\/li><\/ol>\n\n\n\n<p>L&rsquo;id\u00e9e\nm\u00eame de \u00ab&nbsp;la r\u00e9surrection des morts&nbsp;\u00bb est une mise en\n\u0153uvre de \u00ab&nbsp;la pens\u00e9e magique&nbsp;\u00bb n\u00e9cessaire \u00e0 la\ncommunication du message, comme le souligne l&rsquo;ap\u00f4tre Paul dans sa\nlettre aux Corinthiens (15)<\/p>\n\n\n\n<p>\n<em>Bref, que ce soit moi, que ce soit eux, voil\u00e0 ce que\nnous proclamons et voil\u00e0 ce que vous avez cru. 12\nSi l&rsquo;on proclame que Christ est ressuscit\u00e9 des morts, comment\ncertains d&rsquo;entre vous disent-ils qu&rsquo;il n&rsquo;y a pas de r\u00e9surrection des\nmorts ? <\/em>\n<\/p>\n\n\n\n<p>\nLa critique de la pens\u00e9e magique est \u00e9voqu\u00e9e ici par\nPaul lui m\u00eame&nbsp;:<\/p>\n\n\n\n<p><em>13\nS&rsquo;il n&rsquo;y a pas de r\u00e9surrection des morts, Christ non plus n&rsquo;est pas\nressuscit\u00e9, 14 et si Christ n&rsquo;est pas\nressuscit\u00e9, notre pr\u00e9dication est vide, et vide aussi votre foi. 15\nIl se trouve m\u00eame que nous sommes de faux t\u00e9moins de Dieu,\ncar nous avons port\u00e9 un contre-t\u00e9moignage en affirmant que Dieu a\nressuscit\u00e9 le Christ alors qu&rsquo;il ne l&rsquo;a pas ressuscit\u00e9, s&rsquo;il est\nvrai que les morts ne ressuscitent pas. 16 Si les\nmorts ne ressuscitent pas, Christ non plus n&rsquo;est pas ressuscit\u00e9. 17\nEt si Christ n&rsquo;est pas ressuscit\u00e9, votre foi est illusoire,\nvous \u00eates encore dans vos p\u00e9ch\u00e9s. 18 D\u00e8s\nlors, m\u00eame ceux qui sont morts en Christ sont perdus. 19\nSi nous avons mis notre esp\u00e9rance en Christ pour cette vie\nseulement, nous sommes les plus \u00e0 plaindre de tous les hommes. 20\nMais non ; Christ est ressuscit\u00e9 des morts, pr\u00e9mices de ceux qui\nsont morts.<\/em><\/p>\n\n\n\n<p>\n3 \tIls partagent un repas avec son rituel qui leur\n\u00ab&nbsp;ouvre l&rsquo;esprit&nbsp;\u00bb.<\/p>\n\n\n\n<p>Les\np\u00e8lerins d&rsquo;Emma\u00fcs sont un bon exemple p\u00e9dagogique<a href=\"#sdfootnote13sym\"><sup>13<\/sup><\/a>&nbsp;:<\/p>\n\n\n\n<p>\nIl s&rsquo;agit donc de prendre argument de la r\u00e9surrection,\net d&rsquo;en donner des exemples v\u00e9cus par les premiers adh\u00e9rents au\n\u00ab&nbsp;Royaume de Dieu&nbsp;\u00bb pour que les paraboles, les r\u00e9cits\nde miracles deviennent acceptables, pour les auditeurs de toutes les\n\u00e9poques, voir cr\u00e9dibles, donc utiles pour la communication du\nmessage. \n<\/p>\n\n\n\n<ol class=\"wp-block-list\"><li>\n\tIls expriment leur perplexit\u00e9 apr\u00e8s les \u00e9v\u00e9nements\n\tde la crucifixion.\n\t<\/li><li>Ils\n\trencontrent une personne qui \u00e9claire la situation en expliquant\n\t\u00ab&nbsp;les \t\t\t\u00c9critures&nbsp;\u00bb en fait en leur montrant que\n\td\u00e9fendre un id\u00e9al est risqu\u00e9.\n<\/li><\/ol>\n\n\n\n<p>\n4 \tIls en concluent qu&rsquo;ils ont partag\u00e9 un moment \/ le\nrepas eucharistique avec le \t\u00ab&nbsp;ressuscit\u00e9&nbsp;\u00bb.  Et ils\nvont partager la nouvelle plus loin.<\/p>\n\n\n\n<p>Le\nmessage d&rsquo;Emma\u00fcs. C&rsquo;est que, certainement, vous allez courir des\nrisques en d\u00e9fendant les m\u00eames id\u00e9es que J\u00e9sus de Nazareth,  mais\ncela vaut la peine, puisque  la vie vous permet d&rsquo;essayer &#8230; \n<\/p>\n\n\n\n<p>De\nm\u00eame la 2e \u00ab&nbsp;p\u00eache Miraculeuse&nbsp;\u00bb ou \u00ab&nbsp;Pique-nique\nau bord de l&rsquo;eau&nbsp;\u00bb<a href=\"#sdfootnote14sym\"><sup>14<\/sup><\/a>\n n&rsquo;atteste pas le miracle de la r\u00e9surrection, mais insiste sur la\nn\u00e9cessit\u00e9 de collaborer avec tous les groupes de fid\u00e8les, malgr\u00e9\nleurs approches diff\u00e9rentes, puisqu&rsquo;ils s&rsquo;accordent au moins sur\nl&rsquo;id\u00e9e que le message <em>(du ressuscit\u00e9)<\/em> reste pertinent.<\/p>\n\n\n\n<ol class=\"wp-block-list\"><li><strong>Ils\n\tne l&rsquo;ont pas reconnu&nbsp;!<\/strong>\n<\/li><\/ol>\n\n\n\n<p>\nL&rsquo;int\u00e9r\u00eat de la lecture actuelle des r\u00e9cits de la\nr\u00e9surrection, c&rsquo;est qu&rsquo;elle nous permet de comprendre que \u00ab&nbsp;la\nPens\u00e9e Magique&nbsp;\u00bb \u00e9tait utilis\u00e9e avec ses limites \u00e0\nl&rsquo;int\u00e9rieur m\u00eame du r\u00e9cit&nbsp;:  Les apparitions de J\u00e9sus\nressuscit\u00e9 le pr\u00e9sente pratiquement toujours comme inconnu des\nt\u00e9moins, alors qu\u2019ils ont v\u00e9cu avec lui des mois, voir des\nann\u00e9es.<\/p>\n\n\n\n<p>\nLes contemporains des auteurs de notre second testament\nne sont pas plus candides que nous&nbsp;: L&rsquo;id\u00e9e m\u00eame de \u00ab&nbsp;vie\napr\u00e8s la mort&nbsp;\u00bb est hautement hypoth\u00e9tique. La r\u00e9surrection\ndes corps est un concept qui renvoie \u00e0 une \u00ab&nbsp;autre r\u00e9alit\u00e9&nbsp;\u00bb&nbsp;:\nLe \u00ab&nbsp;ciel&nbsp;\u00bb,l&rsquo;&nbsp;\u00ab&nbsp;Au-del\u00e0&nbsp;\u00bb, le \u00ab&nbsp;s\u00e9jour\ndes morts&nbsp;\u00bb, l&rsquo;&nbsp;\u00ab&nbsp;Had\u00e8s&nbsp;\u00bb de la mythologie.\nCe ne peut \u00eatre une \u00ab&nbsp;r\u00e9alit\u00e9 humainement v\u00e9rifiable&nbsp;\u00bb.\nMais c&rsquo;est une r\u00e9f\u00e9rence qui est comprise dans la cat\u00e9gorie de\n\u00ab&nbsp;la Pens\u00e9e Magique&nbsp;\u00bb, autrement exprim\u00e9e comme \u00ab&nbsp;Le\nmyst\u00e8re de la foi&nbsp;\u00bb. Et donc si vous y adh\u00e9rez, vous \u00e9coutez\nle r\u00e9cit  de \u00ab&nbsp;r\u00e9surrection&nbsp;\u00bb <em>(Medium)<\/em> en y\ncherchant le sens du \u00ab&nbsp;message&nbsp;\u00bb.<\/p>\n\n\n\n<p>\nPrenons par exemple le r\u00e9cit de l&rsquo;apparition dans la\n\u00ab&nbsp;Chambre Haute, <em>toutes portes ferm\u00e9es&nbsp;\u00bb<a href=\"#sdfootnote15sym\"><sup>15<\/sup><\/a><\/em>\npr\u00e9cise le r\u00e9cit. Une situation hautement improbable d&rsquo;apparition\nd&rsquo;un hologramme pas encore invent\u00e9.  Il s&rsquo;agit bien cependant des\ninteractions entre Thomas, le sceptique, et ses amis, reprenant le\ncours de leur \u00ab&nbsp;mission&nbsp;\u00bb dans de nouvelles conditions.\nIl s&rsquo;agit bien de \u00ab&nbsp;toucher&nbsp;\u00bb cette nouvelle r\u00e9alit\u00e9&nbsp;:\nLes disciples sont maintenant \u00ab&nbsp;les Porteurs du Christ&nbsp;\u00bb\nen int\u00e9grant ce qui fait leur souffrance, la mort de J\u00e9sus, une\nblessure qu&rsquo;ils portent tous, et l&rsquo;espoir que tout n&rsquo;est pas perdu,\npuisqu&rsquo;ils (s)ont \u00ab&nbsp;le medium\/message&nbsp;\u00bb du r\u00e9cit. \n<\/p>\n\n\n\n<p>\nDans ce cas, le merveilleux de l&rsquo;apparition, ne doit pas\n\u00eatre major\u00e9 comme <em>l&rsquo;\u00e9v\u00e9nement extraordinaire <\/em>et \u00ab&nbsp;pointe\ndu texte&nbsp;\u00bb. C&rsquo;est ce qui permet pourtant de le faire entendre\npar  la plupart des auditeurs&nbsp;: Ce qu&rsquo;ils proposent est ce que\nle \u00ab&nbsp;Fils de Dieu&nbsp;\u00bb a offert comme alternative aux r\u00e8gles\nculpabilisantes des religions en cours.<\/p>\n\n\n\n<p>\nIls sont ceux qui ont \u00ab&nbsp;per\u00e7u&nbsp;\u00bb la pr\u00e9sence\nde J\u00e9sus de Nazareth dans la r\u00e9alit\u00e9 de leur exp\u00e9rience,<a href=\"#sdfootnote16sym\"><sup>16<\/sup><\/a>\ndepuis la crucifixion&#8230; cette derni\u00e8re ne relevant pas seulement de\n\u00ab&nbsp;la Pens\u00e9e Magique&nbsp;\u00bb bien entendu. Donc ils sont\nl\u00e9gitim\u00e9s dans leurs mission&nbsp;: La plupart d&rsquo;entre -eux seront\nles premiers \u00ab&nbsp;\u00e9v\u00eaques&nbsp;\u00bb, Missionnaires \u00ab&nbsp;consacr\u00e9s&nbsp;\u00bb,\npromoteurs de ce qu&rsquo;ils ont \u00ab&nbsp;vu&nbsp;\u00bb. Paul lui m\u00eame s&rsquo;en\njustifiera apr\u00e8s sa rencontre d\u00e9sar\u00e7onnante avec J\u00e9sus  sur le\n\u00ab&nbsp;Chemin de Damas&nbsp;\u00bb<a href=\"#sdfootnote17sym\"><sup>17<\/sup><\/a>.<\/p>\n\n\n\n<p><strong>5 Les limites de l&rsquo;id\u00e9e de \u00ab\u00a0R\u00e9surrection\u00a0\u00bb <\/strong>   <strong>comme \u00ab\u00a0Pens\u00e9e Magique\u00a0\u00bb<\/strong> <\/p>\n\n\n\n<p> Nous avons vu plus haut que les lieux de r\u00e9sidence des ressuscit\u00e9 sont dans le meilleur des cas \u00ab\u00a0de verts p\u00e2turages\u00a0\u00bb , de moelleux nuages c\u00e9lestes, avec une sonorisation ang\u00e9lique. Si vous n&rsquo;\u00eates pas conformes pour y acc\u00e9der, on peut vous y aider\u00a0:   en vous accordant l&rsquo;absolution de ce qui vous emp\u00eacherait d&rsquo;y arriver.  Il y a aussi des officines qui vous offriront un ticket d&rsquo;entr\u00e9e  moyennant financement d&rsquo;une institution antichambre, quand ce n&rsquo;est pas  en payant directement le d\u00e9l\u00e9gu\u00e9 religieux autoproclam\u00e9 ou \u00e9lu de  service, le proph\u00e8te, ou le gourou chr\u00e9tien ou New Age, \u00ab\u00a0la Pens\u00e9e  Magique\u00a0\u00bb a toujours un bon rendement pour ceux qui savent s&rsquo;en servir  &#8230; <\/p>\n\n\n\n<p>\nMais le salut est gratuit&#8230; il est bon de s&rsquo;en\nsouvenir.<a href=\"#sdfootnote18sym\"><sup>18<\/sup><\/a><\/p>\n\n\n\n<p>\nQuand un \u00ab&nbsp;home riche demande \u00e0 J\u00e9sus ce qu&rsquo;il\ndoit faire pour avoir la \u00ab&nbsp;vie \u00e9ternelle&nbsp;\u00bb, alors qu&rsquo;il\na l&rsquo;impression d&rsquo;avoir fait tout ce que la religion exige,  J\u00e9sus\nlui recommande de vendre tous ses biens et de les donner aux\npauvres.<a href=\"#sdfootnote19sym\"><sup>19<\/sup><\/a>..\n\n<\/p>\n\n\n\n<p>\nEncore une remarque \u00e0 propos de l&rsquo;encouragement a\n\u00ab&nbsp;avoir J\u00e9sus dans son c\u0153ur&nbsp;\u00bb,<\/p>\n\n\n\n<p>\nC&rsquo;est une expression largement utilis\u00e9e dans les\n\u00e9glises \u00e9vang\u00e9liques et le mouvement charismatique<a href=\"#sdfootnote20sym\"><sup>20<\/sup><\/a>.\n Elle est le plus souvent comprise comme un gage de salut personnel.\nSi cela implique d&rsquo;&nbsp; \u00ab&nbsp;aimer Dieu et son prochain comme\nsoi-m\u00eame&nbsp;\u00bb, cela n&#8217;emp\u00eache pas de consid\u00e9rer ceux qui n&rsquo;ont\npas \u00ab&nbsp; J\u00e9sus dans leur c\u0153ur&nbsp;\u00bb comme des gens peu ou pas\nfr\u00e9quentables, ce qui est assez loin  de la \u00ab&nbsp;Bonne\nNouvelle&nbsp;\u00bb. C&rsquo;est un exemple  de \u00ab&nbsp;Pens\u00e9e Magique&nbsp;\u00bb\npeu encourageante pour la p\u00e9dagogie, qui implique alors une forme de\nculpabilit\u00e9 pour celui qui est consid\u00e9r\u00e9 comme ayant \u00ab&nbsp;le\nc\u0153ur comme une belle pomme \u00e0 l&rsquo;ext\u00e9rieur, mais c\u0153ur pourri \u00e0\nl&rsquo;int\u00e9rieur&nbsp;\u00bb<a href=\"#sdfootnote21sym\"><sup>21<\/sup><\/a><\/p>\n\n\n\n<p> Apr\u00e8s, vous faites comme vous le sentez\u00a0: l&rsquo;important est que vous ne soyez plus inquiet, que vous soyez libre et que vous vous sentiez aim\u00e9 de Dieu donc re-suscit\u00e9s    C&rsquo;est l&rsquo;essentiel de la r\u00e9surrection v\u00e9cue <strong>\u00ab\u00a0avec le ressuscit\u00e9.\u00a0<\/strong>\u00bb <\/p>\n\n\n\n<p><\/p>\n\n\n\n<p style=\"text-align:right;\">\nLe 14 ao\u00fbt 2019 \n<\/p>\n\n\n\n<p> Voir aussi\u00a0: \u00ab\u00a0J\u00e9sus, apr\u00e8s la mise au tombeau\u00a0\u00bb<\/p>\n\n\n\n<p>.<\/p>\n\n\n\n<p>                      <\/p>\n\n\n\n<p><\/p>\n\n\n\n<p><\/p>\n\n\n\n<p>\n                      Publi\u00e9\nle 21 08 19<\/p>\n\n\n\n<p><a href=\"#sdfootnote1anc\">1<\/a><strong>Herbert\n\tMarshall McLuhan 1911-1980,<\/strong>\n\tcanadien. Professeur de Litt\u00e9rature Anglaise et th\u00e9oricien de la\n\tcommunication, il est un des fondateurs des \u00e9tudes contemporaines\n\tsur les .m\u00e9dias. Exemple&nbsp;: l&rsquo;Iphone est le m\u00e9dia qui vous\n\tfait acheter la technologie qui vise \u00e0 enrichir ses producteurs.<\/p>\n\n\n\n<p><a href=\"#sdfootnote2anc\">2<\/a>L&rsquo;<strong>apolog\u00e9tique<\/strong>\n\tconsiste \u00e0 d\u00e9fendre de fa\u00e7on coh\u00e9rente une position. Le terme\n\tvient du <a href=\"https:\/\/fr.wikipedia.org\/wiki\/Grec_ancien\">g<\/a>rec\n\t <em>apologia<\/em> (\u1f00\u03c0\u03bf\u03bb\u03bf\u03b3\u03af\u03b1), qui signifie \u00ab&nbsp;justification,\n\td\u00e9fense (contre une attaque)&nbsp;\u00bb en particulier en th\u00e9ologie.\n\tIl d\u00e9coule d&rsquo;un parti pris dogmatique ou culturel qui vise \u00e0\n\tjustifier une question de foi.<\/p>\n\n\n\n<p><a href=\"#sdfootnote3anc\">3<\/a>L&rsquo;ar\u00e9opage\n\t\u00e0 Ath\u00e8nes, le S\u00e9nat \u00e0 Rome.<\/p>\n\n\n\n<p><a href=\"#sdfootnote4anc\">4<\/a>Actes\n\t17:16-34<\/p>\n\n\n\n<p><a href=\"#sdfootnote5anc\">5<\/a>Approuver,\n\tconfirmer,  l\u00e9gitimer, officialiser.<\/p>\n\n\n\n<p><a href=\"#sdfootnote6anc\">6<\/a>Samuel\n\td\u00e9signe David pour succ\u00e9der \u00e0 Sa\u00fcl d\u00e9faillant.<em>(Livre de\n\tSamuel)<\/em><\/p>\n\n\n\n<p><a href=\"#sdfootnote7anc\">7<\/a>Mt\n\t3:17, Mc 9:7 \u00e0 la Transfiguration, = Mt 17:5 \n\t<\/p>\n\n\n\n<p><a href=\"#sdfootnote8anc\">8<\/a>Mt\n\t16:13-20 \u00ab&nbsp;Tu es le Christ, le fils du Dieu vivant&nbsp;\u00bb une\n\taffirmation ien plus tardive que l&rsquo;\u00e9v\u00e9nement \u00e9voqu\u00e9.<\/p>\n\n\n\n<p><a href=\"#sdfootnote9anc\">9<\/a>id.\n\tMt 16:13-23. Ce qui attestera l&rsquo;id\u00e9e que J\u00e9sus est l&rsquo;initiateur de\n\tl&rsquo;Eglise &#8230; \n\t<\/p>\n\n\n\n<h5 class=\"wp-block-heading\"><a href=\"#sdfootnote10anc\">10<\/a>\n\t<strong>De\n\tla naissance des dieux \u00e0 la naissance du Christ  <\/strong>Ed\n\tSeuil 1992  \n\t<\/h5>\n\n\n\n<h5 class=\"wp-block-heading\">\n\thttp:\/\/www.seuil.com\/ouvrage\/de-la-naissance-des-dieux-a-la-naissance-du-christ-eugen-drewermann\/9782020331302<\/h5>\n\n\n\n<p><a href=\"#sdfootnote11anc\">11<\/a>\n\tCe type de pens\u00e9e se manifeste principalement au cours de l&rsquo;enfance\n\tet est, \u00e0 l&rsquo;\u00e2ge adulte, appr\u00e9hend\u00e9 par la m\u00e9decine comme un\n\tsympt\u00f4me d&rsquo;immaturit\u00e9 ou de d\u00e9s\u00e9quilibre psychologique. La\n\tpens\u00e9e magique est souvent associ\u00e9e au <a href=\"https:\/\/fr.wikipedia.org\/wiki\/Mysticisme\">m<\/a>ysticisme\n\tet au courant du New Age \n\t<\/p>\n\n\n\n<p>\n\t<a href=\"#sdfootnote12anc\">12<\/a>\n\tNotablement Boris Johnson et le Brexit, Donald Trump et l&rsquo;Am\u00e9rique,\n\tJa\u00efre Bolsonaro et le Br\u00e9sil id\u00e9al, M\u00e9lanchon et les lendemains\n\tqui chantent ou Blocher et une Suisse sans \u00e9trangers et sans\n\tEurope.<\/p>\n\n\n\n<p><a href=\"#sdfootnote13anc\">13<\/a>Luc\n\t24&nbsp;:18-35.<\/p>\n\n\n\n<p><a href=\"#sdfootnote14anc\">14<\/a>Jean\n\t21:1-25<\/p>\n\n\n\n<p><a href=\"#sdfootnote15anc\">15<\/a>Jean\n\t20:26 <em>les\n\tdisciples \u00e9taient \u00e0 nouveau r\u00e9unis dans la maison, et Thomas\n\t\u00e9tait avec eux. J\u00e9sus vint, toutes portes verrouill\u00e9es, il se\n\ttint au milieu d&rsquo;eux et leur dit : \u00ab La paix soit avec vous.&nbsp;\u00bb<\/em><\/p>\n\n\n\n<p>\n\t<a href=\"#sdfootnote16anc\">16<\/a>\n\t29 J\u00e9sus dit : <em>\u00ab Parce que tu m&rsquo;as vu, tu as cru ; bienheureux\n\tceux qui, sans avoir vu, ont cru. \u00bb<\/em> \n\t<\/p>\n\n\n\n<p><a href=\"#sdfootnote17anc\">17<\/a>Actes\n\t9:1-30<\/p>\n\n\n\n<p>\n\t<a href=\"#sdfootnote18anc\">18<\/a><strong>\n\t<\/strong><strong>Romains\n\t3.23-26&nbsp;:<\/strong><strong>\n\t<\/strong><em>Car\n\til n\u2019y a point de distinction, puisque tous ont p\u00e9ch\u00e9, et sont\n\tpriv\u00e9s de la gloire de Dieu, Et qu\u2019ils sont justifi\u00e9s\n\tgratuitement par sa gr\u00e2ce, par la r\u00e9demption qui est en\n\tJ\u00e9sus-Christ, Que Dieu avait destin\u00e9 \u00e0 \u00eatre une victime\n\tpropitiatoire; par la foi, en son sang, afin de manifester sa\n\tjustice par le pardon des p\u00e9ch\u00e9s commis auparavant, pendant les\n\tjours de la patience de Dieu; Afin, dis-je, de faire para\u00eetre sa\n\tjustice dans ce temps-ci, afin d\u2019\u00eatre reconnu juste, et comme\n\tjustifiant celui qui a la foi en J\u00e9sus.<\/em><\/p>\n\n\n\n<p>\n\t<a href=\"#sdfootnote19anc\">19<\/a>\n\tMt 19&nbsp;:16-26 <em>&nbsp;<\/em><em>Un\n\thomme s&rsquo;approcha et dit \u00e0 J\u00e9sus: \u00ab[Bon] Ma\u00eetre, que dois-je\n\tfaire de bon pour avoir la vie \u00e9ternelle?\u00bb<\/em><\/p>\n\n\n\n<p>\n\t<a href=\"#sdfootnote20anc\">20<\/a>\n\tQuand J\u00e9sus dit de lui-m\u00eame \u00ab&nbsp;Je\n\tsuis le Chemin, la V\u00e9rit\u00e9 et la Vie&nbsp;\u00bb (Jn 14, 6), Il ne dit\n\tpas qu\u2019Il indique le bon chemin, qu\u2019Il proclame la v\u00e9rit\u00e9 et\n\tqu\u2019Il donne acc\u00e8s \u00e0 la vie. Non, il faut prendre la citation au\n\tpied de la lettre&nbsp;: Il EST vraiment le chemin&nbsp;: c\u2019est la\n\tconformit\u00e9 au Christ dans chacune de nos pens\u00e9es et de nos actions\n\tqui doit guider notre vie. Il EST la v\u00e9rit\u00e9. Ce n\u2019est pas un\n\tdiscours qui indique la v\u00e9rit\u00e9, c\u2019est sa personne elle-m\u00eame, ce\n\tqui inclut, l\u00e0 aussi, son attitude, ses actes et ses paroles. Et Il\n\test Dieu Cr\u00e9ateur, la vie elle-m\u00eame. Avant la vie, un Dieu vivant\n\t\u00e9tait l\u00e0 et le sera m\u00eame apr\u00e8s la fin de l\u2019univers.\n\thttps:\/\/www.reponses-catholiques.fr\/rencontrer-jesus\/<\/p>\n\n\n\n<p><a href=\"#sdfootnote21anc\">21<\/a>Message\n\tdes responsables de l&rsquo;enseignement religieux \u00ab&nbsp;\u00e9vang\u00e9liques&nbsp;\u00bb\n\tinvit\u00e9s amicalement dans la Paroisse de Lancy Sud en 1980. \n\t<\/p>\n","protected":false},"excerpt":{"rendered":"<p>J\u00e9sus entre la crucifixion et Pentec\u00f4te Propositions de r\u00e9flexions autour de l&rsquo;exp\u00e9rience humaine des lecteurs et auditeurs du 21e si\u00e8cle. Pour l&rsquo;\u00e9quipe th\u00e9ologique de pr\u00e9paration du Camp Biblique Oecum\u00e9nique de Vaumarcus 2020 Si nous pouvons comprendre le sentiment des amis de J\u00e9sus de Nazareth apr\u00e8s sa mort, lorsqu&rsquo;ils se retrouvent dans le projet commun d&rsquo;annonce [&hellip;]<\/p>\n","protected":false},"author":1,"featured_media":0,"comment_status":"open","ping_status":"open","sticky":false,"template":"","format":"standard","meta":{"footnotes":""},"categories":[1],"tags":[],"class_list":["post-2448","post","type-post","status-publish","format-standard","hentry","category-non-classe"],"_links":{"self":[{"href":"https:\/\/bernardvanbaalen.com\/index.php?rest_route=\/wp\/v2\/posts\/2448","targetHints":{"allow":["GET"]}}],"collection":[{"href":"https:\/\/bernardvanbaalen.com\/index.php?rest_route=\/wp\/v2\/posts"}],"about":[{"href":"https:\/\/bernardvanbaalen.com\/index.php?rest_route=\/wp\/v2\/types\/post"}],"author":[{"embeddable":true,"href":"https:\/\/bernardvanbaalen.com\/index.php?rest_route=\/wp\/v2\/users\/1"}],"replies":[{"embeddable":true,"href":"https:\/\/bernardvanbaalen.com\/index.php?rest_route=%2Fwp%2Fv2%2Fcomments&post=2448"}],"version-history":[{"count":0,"href":"https:\/\/bernardvanbaalen.com\/index.php?rest_route=\/wp\/v2\/posts\/2448\/revisions"}],"wp:attachment":[{"href":"https:\/\/bernardvanbaalen.com\/index.php?rest_route=%2Fwp%2Fv2%2Fmedia&parent=2448"}],"wp:term":[{"taxonomy":"category","embeddable":true,"href":"https:\/\/bernardvanbaalen.com\/index.php?rest_route=%2Fwp%2Fv2%2Fcategories&post=2448"},{"taxonomy":"post_tag","embeddable":true,"href":"https:\/\/bernardvanbaalen.com\/index.php?rest_route=%2Fwp%2Fv2%2Ftags&post=2448"}],"curies":[{"name":"wp","href":"https:\/\/api.w.org\/{rel}","templated":true}]}}