{"id":2555,"date":"2026-02-10T11:28:50","date_gmt":"2026-02-10T10:28:50","guid":{"rendered":"https:\/\/bernardvanbaalen.com\/?p=2555"},"modified":"2026-02-10T11:35:06","modified_gmt":"2026-02-10T10:35:06","slug":"quelques-considerations-sur-la-perception-du-chretien-croyant-non-pratiquant-en-perspective-de-son-salut-personnel","status":"publish","type":"post","link":"https:\/\/bernardvanbaalen.com\/?p=2555","title":{"rendered":"Quelques consid\u00e9rations sur la perception du \u00ab\u00a0chr\u00e9tien croyant non pratiquant\u00a0\u00bb en perspective de son salut personnel."},"content":{"rendered":"\n<h2 class=\"wp-block-heading\">1 Ce qui int\u00e9resse l&rsquo;infid\u00e8le de base&nbsp;:<\/h2>\n\n\n\n<p>Les enqu\u00eates de motivations et de fr\u00e9quentations des chr\u00e9tiens \u2013 toutes confessions confondues \u2013 montrent que ce que le \u00ab&nbsp;public&nbsp;\u00bb recherche, c&rsquo;est une r\u00e9ponse \u00e0 la question des \u00ab&nbsp;fins ultimes&nbsp;\u00bb autrement dit de la mort. Nous en faisons l&rsquo;exp\u00e9rience lors de toutes les pr\u00e9parations de services fun\u00e8bres ou de discussion sur l&rsquo;accompagnement des mourants et la pratique de l&rsquo;euthanasie volontaire <em>(EXIT).<\/em><\/p>\n\n\n\n<p>Le texte de la 1ere \u00e9p\u00eetre de Paul au Corinthiens chap 13  est souvent pris et repris lors des mariages et des enterrements<a href=\"#sdfootnote1sym\" id=\"sdfootnote1anc\"><sup>1<\/sup><\/a>, particuli\u00e8rement quand cela concerne des notables ou des \u00ab&nbsp;<em>peoples<\/em>&nbsp;\u00bb qui ont eu une trajectoire brillante &#8211; <em>dont on ne sait pas tout<\/em> \u2013 et qui ont eu des relations familiales et amicales suppos\u00e9es de qualit\u00e9.<\/p>\n\n\n\n<h2 class=\"wp-block-heading\">2 La r\u00e9putation et la r\u00e9ussite.<\/h2>\n\n\n\n<p>Le fait de briller en soci\u00e9t\u00e9, d&rsquo;avoir une r\u00e9putation de \u00ab&nbsp;leader&nbsp;\u00bb et une r\u00e9ussite financi\u00e8re notable est souvent consid\u00e9r\u00e9 comme la cons\u00e9quence d\u2019une relation avec \u00ab&nbsp;dieu.x&nbsp;\u00bb qui r\u00e9compense ses \u00ab&nbsp;fid\u00e8les&nbsp;\u00bb \u00e0 la mani\u00e8re d&rsquo;une soci\u00e9t\u00e9 mafieuse, o\u00f9 la soumission permet de partager des privil\u00e8ges avec le \u00ab&nbsp;parrain&nbsp;\u00bb &#8230; C&rsquo;est <em>l&rsquo;Evangile de la R\u00e9tribution <\/em>particuli\u00e8rement mise en \u00e9vidence dans les \u00e9glises \u00e9vang\u00e9liques am\u00e9ricaines et leurs succursales mondiales. Interrog\u00e9 par des th\u00e9ologiens 68ards dans les ann\u00e9es 1970 \u00e0 Indianapolis<em>(USA)<\/em><em>,<\/em> le pasteur qui roulait Cadillac blanche, portant costume trois pi\u00e8ces immacul\u00e9, avec souliers vernis, expliquait que sa communaut\u00e9 form\u00e9e de familles pr\u00e9caires, dans un quartier d\u00e9favoris\u00e9, ne rassemblerait personne si son pasteur ne refl\u00e9tait pas l&rsquo;effet des b\u00e9n\u00e9diction divines qu&rsquo;il pr\u00eachait&nbsp;: Abstinence alcoolique, fid\u00e9lit\u00e9 conjugale, respect des lois, et comportement civique&#8230; refus de la drogue et des deals illicites. Dans ces conditions \u2013 avec les \u00e9conomies r\u00e9alis\u00e9es \u2013 la vie devient plus facile, et le revenu disponible cons\u00e9quent.<\/p>\n\n\n\n<p>Tout cela doit in\u00e9vitablement conduire \u00e0 \u00abla vie \u00c9ternelle\u00bb <a href=\"#sdfootnote2sym\" id=\"sdfootnote2anc\"><sup>2<\/sup><\/a> quoi que\u2026 la carte de cr\u00e9dit \u00abamour\u00bb doit \u00eatre souscrite en plus, pour permettre la mise \u00e0 jour du programme.<\/p>\n\n\n\n<h2 class=\"wp-block-heading\">3 la place de \u00ab&nbsp;l&rsquo;Amour&nbsp;\u00bb<\/h2>\n\n\n\n<p>La conception de ce terme varie selon les diverses formes que nous connaissons&nbsp;: entre la relation charnelle \u00abEros\u00bb , l&rsquo;&nbsp;\u00ab&nbsp;Agap\u00e9&nbsp;\u00bb plus pratique et fraternel, et l&rsquo;amour divin, quasi \u00e9sot\u00e9rique.<\/p>\n\n\n\n<p>Les pratiques \u00abamoureuses\u00bb comportementales et spirituelles visent essentiellement \u00e0 permettre au croyant d&rsquo;acc\u00e9der \u00e0 la \u00ab&nbsp;vie \u00e9ternelle&nbsp;\u00bb. Cela semble \u00e9vident \u00e0 un lecteur superficiel de la lettre de Paul aux Corinthiens. Si je place l&rsquo;amour dans le syst\u00e8me, j&rsquo;h\u00e9riterai de la Vie \u00c9ternelle.<\/p>\n\n\n\n<p>Quand je b\u00e9n\u00e9ficie de mes talents \u2013 un <em>don de Dieu<\/em> \u2013 pour accro\u00eetre mes biens et ma richesse, et donc mon pouvoir, et que je proclame un amour inv\u00e9rifiable et \u00e0 usage priv\u00e9&nbsp;: J&rsquo;aime qui je veux&nbsp;! L&rsquo;amour est devient un concept abstrait et individuel.<\/p>\n\n\n\n<p>Quand on le \u00ab&nbsp;fait&nbsp;\u00bb c&rsquo;est pour assouvir des besoins de procr\u00e9ation dynastique, dans le meilleur des cas <em>(favoris\u00e9 par le christianisme)<\/em>.<\/p>\n\n\n\n<p>Il se \u00abfait\u00bb aussi pour assouvir des pulsions organiques ou psychologiques, pour s&rsquo;assurer d&rsquo;un pouvoir de s\u00e9duction naturel ou monnayable.<\/p>\n\n\n\n<p>L e besoin de \u00abfaire\u00bb l\u2019amour peut venir d&rsquo;une s\u00e9cr\u00e9tion hormonale qui n&rsquo;ajoute rien \u00e0 l&rsquo;humain qui peut en devenir d\u00e9pendant. <a href=\"#sdfootnote3sym\" id=\"sdfootnote3anc\"><sup>3<\/sup><\/a>.<\/p>\n\n\n\n<h2 class=\"wp-block-heading\">4 Alors, qu&rsquo;est-ce que \u00ab&nbsp;la foi&nbsp;\u00bb&nbsp;?.<\/h2>\n\n\n\n<p>Floril\u00e8ge des lieux communs, ou \u00abpropos de comptoirs\u00bb.<\/p>\n\n\n\n<p>&#8211; \u00ab&nbsp;Je suis croyant mais pas pratiquant&nbsp;\u00bb <em>sous entendu je ne vais pas \u00e0 l&rsquo;\u00e9glise<\/em> &#8230;<\/p>\n\n\n\n<p>&#8211; \u00ab&nbsp;Je ne suis pas croyant, mais ce serait plus facile si je l&rsquo;\u00e9tais&nbsp;\u00bb.<\/p>\n\n\n\n<p>&#8211; \u00ab&nbsp;jJe suis croyant, et la preuve&nbsp;: je vais \u00e0 l&rsquo;\u00e9glise tous les dimanche (et plus si besoin)&nbsp;\u00bb<\/p>\n\n\n\n<p>&#8211; \u00ab&nbsp;je suis croyant, mais ma foi est du domaine priv\u00e9, sans influence sur mes interactions<\/p>\n\n\n\n<p>sociales, \u00e9conomiques ou politiques&nbsp;: Cela ne concerne que moi&nbsp;!&nbsp;\u00bb.<\/p>\n\n\n\n<p>&#8211; \u00ab&nbsp;Tout ce qui est racont\u00e9 dans la Bible est une cr\u00e9ation litt\u00e9raire int\u00e9ressante, mais n&rsquo;a pas de<\/p>\n\n\n\n<p>\u00abv\u00e9rit\u00e9 divine\u00bb prouv\u00e9e, et donc ne peut \u00eatre re\u00e7u comme incontestable.<\/p>\n\n\n\n<p>Cela ne saurait \u00eatre sujet de \u00ab&nbsp;croyance&nbsp;\u00bb comme par exemple l&rsquo;horaire des transports en<\/p>\n\n\n\n<p>communs dont je peux v\u00e9rifier la fiabilit\u00e9.<\/p>\n\n\n\n<p>Ou en math\u00e9matique 2+2=4, 2&#215;2=4 etc. Je n\u2019ai pas besoin d\u2019y croire, c\u2019est de notori\u00e9t\u00e9<\/p>\n\n\n\n<p>universelle et du domaine du \u00absavoir\u00bb.<\/p>\n\n\n\n<p>WIKIPEDIA donne cette r\u00e9ponse&nbsp;:<\/p>\n\n\n\n<h3 class=\"wp-block-heading\"><a><\/a> <em>Concept<\/em><\/h3>\n\n\n\n<p><em>En <\/em><em>philosophie,<\/em><em> le mot foi permet de qualifier un sujet, auquel l\u2019<\/em><em>esprit<\/em><em> adh\u00e8re fermement, de fa\u00e7on aussi forte que celle qui constitue la <\/em><em><a href=\"https:\/\/fr.wikipedia.org\/wiki\/Certitude\">c<\/a>ertitude<\/em><em>, mais quand la pens\u00e9e r\u00e9sulte de la foi, elle ne peut pas \u00eatre justifi\u00e9e par une <\/em><em><a href=\"https:\/\/fr.wikipedia.org\/wiki\/D%C3%A9monstration_(logique_et_math%C3%A9matique)\">d<\/a>\u00e9monstration<\/em><em>. Le mot peut alors, dans cette acception, \u00eatre synonyme du mot croyance et oppos\u00e9 au concept du <\/em><em><a href=\"https:\/\/fr.wikipedia.org\/wiki\/Savoir\">s<\/a>avoir<\/em><em>. Cependant, la foi ne s\u2019oppose pas au savoir ni \u00e0 la <\/em><em>raison<\/em><em> Elle repose sur des <\/em><em><a href=\"https:\/\/fr.wikipedia.org\/wiki\/V%C3%A9rit%C3%A9\">v<\/a>\u00e9rit\u00e9s<\/em><em>, ayant une attestation de confiance, mais dont il pourrait \u00eatre vain de vouloir en \u00e9tablir la <\/em><em><a href=\"https:\/\/fr.wikipedia.org\/wiki\/Preuve\">p<\/a>reuve<\/em><em> par des raisonnements. Ainsi, la citation de <\/em><em><a href=\"https:\/\/fr.wikipedia.org\/wiki\/Blaise_Pascal\">B<\/a>laise Pacal<\/em><em>, extraite de son ouvrage intitul\u00e9 <\/em><a href=\"https:\/\/fr.wikipedia.org\/wiki\/Pens%C3%A9es_(Pascal)\">P<\/a>ens\u00e9es<em>, publi\u00e9 en 1670&nbsp;:<\/em><\/p>\n\n\n\n<blockquote class=\"wp-block-quote is-layout-flow wp-block-quote-is-layout-flow\">\n<p><em>\u00ab&nbsp;Le c\u0153ur a son ordre&nbsp;; l\u2019esprit a le sien, qui est par principes et d\u00e9monstrations, le c\u0153ur en a un autre. On ne prouve pas qu\u2019on doit \u00eatre aim\u00e9, en exposant d\u2019ordre les causes de l\u2019amour&nbsp;: cela seroit ridicule.&nbsp;\u00bb<\/em><\/p>\n<\/blockquote>\n\n\n\n<p><em>Le mot foi est parfois d\u00e9fini sans tenir compte de son aspect <\/em><em><a href=\"https:\/\/fr.wikipedia.org\/wiki\/Affection\">a<\/a>ffectif<\/em><em> et unitaire. La foi augmente notre <\/em><em><a href=\"https:\/\/fr.wikipedia.org\/wiki\/Connaissance_(philosophie)\">c<\/a>onnaissance<\/em><em>, parce qu&rsquo;elle donne acc\u00e8s \u00e0 certaines v\u00e9rit\u00e9s par la sympathie, la confiance, la pens\u00e9e aimante. En ce sens, elle se distingue de la croyance, qui est plut\u00f4t cognitive et logique, et qui n&rsquo;est qu&rsquo;une forme partielle de la foi. Tandis qu&rsquo;on parle de foi lorsqu&rsquo;il s&rsquo;agit d&rsquo;un <\/em><em>amour<\/em><em> fond\u00e9 en raison, associ\u00e9 \u00e0 la <\/em><em><a href=\"https:\/\/fr.wikipedia.org\/wiki\/Spiritualit%C3%A9\">s<\/a>piritualit\u00e9<\/em><em>, qui aboutit \u00e0 un<\/em><em>e<\/em><em>conviction consid\u00e9r\u00e9e comme<\/em><em> \u00abr\u00e9aliste\u00bb.<\/em><\/p>\n\n\n\n<p>Dans l\u2019actualit\u00e9 internationale de 2026, le slogan <strong>\u00abMAGA\u00bb<\/strong> est une conviction typique d\u2019une foi qui va impacter l\u2019<em><strong>esp\u00e9rance<a href=\"#sdfootnote4sym\" id=\"sdfootnote4anc\"><sup>4<\/sup><\/a><\/strong><\/em> de ses adeptes&nbsp;: Ils vont tout mettre en \u0153uvre pour y parvenir.<\/p>\n\n\n\n<p>Ici, la foi devient imp\u00e9rative, et s\u2019impose par son origine mystique \u2013 divine \u2013 n\u00e9cessaire et utilitaire, donc au dessus des lois et des constitutions, des us et coutumes, des traditions et des conventions nationales et internationales.<\/p>\n\n\n\n<p>Dans les pays soumis \u00e0 la \u00abCharia\u00bb, la \u00abloi divine\u00bb, issue de l\u2019interpr\u00e9tation du Coran est sup\u00e9rieure \u00e0 tous les usages d\u00e9velopp\u00e9s par la \u00abd\u00e9mocratie\u00bb per\u00e7ue comme la \u00abd\u00e9monocratie\u00bb imp\u00e9rialiste et colonialiste<a href=\"#sdfootnote5sym\" id=\"sdfootnote5anc\"><sup>5<\/sup><\/a>.<\/p>\n\n\n\n<h2 class=\"wp-block-heading\">5 \u00abLa foi\u00bb, paresse de ses adeptes.<\/h2>\n\n\n\n<p><em>\u00abC\u2019est ce que je crois, dans ma famille, mon milieu, on a toujours fait comme \u00e7a&nbsp;!\u00bb<\/em> C\u2019est assez pratique, et dans le fonds relativement confortable. Dans certains cas cela devient \u00abla foi de toujours\u00bb. Cela dispense de comparer, de soupeser, d\u2019\u00e9valuer, de devoir choisir et de prendre une d\u00e9cision \u00abhors du cadre\u00bb.<\/p>\n\n\n\n<p>Le fid\u00e8le demande \u00e0 son dieu d\u2019\u00abaugmenter sa foi\u00bb<a href=\"#sdfootnote6sym\" id=\"sdfootnote6anc\"><sup>6<\/sup><\/a> et la r\u00e9ponse est surprenante&nbsp;: J\u00e9sus r\u00e9pond avec une consid\u00e9ration de \u00abvolume\u00bb&nbsp;: la dimension de la graine de moutarde\u2026 Cela n\u2019a rien \u00e0 voir avec l\u2019accumulation de notions spirituelles, d\u2019enseignements et de consignes, certifi\u00e9es par des pratiques religieuses respect\u00e9es ou pas. Cela devient inop\u00e9rant logiquement quand il s\u2019agit de d\u00e9placer des montagnes ou un sycomore, m\u00eame si la tradition rapporte que cela permet d\u2019ouvrir la mer rouge, et de charger une caisse-arche d\u2019assez de puissance pour aider une arm\u00e9e \u00e0 vaincre ses ennemis. OK ce n\u2019est pas r\u00e9cent, mais on doit pouvoir faire confiance \u00e0 J\u00e9sus de Nazareth\u2026 d\u2019autant plus qu\u2019il n\u2019est pas n\u00e9cessaire de tester imm\u00e9diatement l\u2019am\u00e9nagement des sycomores ou l\u2019abaissement des montagnes.<\/p>\n\n\n\n<p>Quand le l\u00e9preux samaritain revient et que J\u00e9sus lui dit \u00abta foi t\u2019a sauv\u00e9\u00bb<a href=\"#sdfootnote7sym\" id=\"sdfootnote7anc\"><sup>7<\/sup><\/a>, il doit aussi \u00eatre surpris de la r\u00e9ponse de J\u00e9sus, dont il \u00e9tait persuad\u00e9 qu\u2019il ne partageait pas \u00abla foi\u00bb.<\/p>\n\n\n\n<p>Dans l\u2019\u00e9pisode du Samaritain bienveillant<a href=\"#sdfootnote8sym\" id=\"sdfootnote8anc\"><sup>8<\/sup><\/a> ceux qui ont une \u00abfoi conforme\u00bb, le pr\u00eatre et le l\u00e9vite, ne sont pas tr\u00e8s bienveillants \u00e0 cause de leur foi qui leur interdit le contact avec une personne \u00abimpure\u00bb <em>(pour autant qu\u2019elle risque de l\u2019\u00eatre!) <\/em>alors que le samaritain accompli ce que r\u00e9clame la situation, et prend m\u00eame l\u2019engagement d\u2019assumer le cas, si n\u00e9cessaire, \u00e0 son retour.<\/p>\n\n\n\n<p><em>R\u00e9cemment, un ami architecte pr\u00e9conisait d\u2019attribuer un contrat de plomberie \u00e0 un entrepreneur \u00abchr\u00e9tien\u00bb de pr\u00e9f\u00e9rence \u00e0 un autre choix plus \u00e9conomique, alors que la raison aurait pr\u00e9conis\u00e9 une entreprise \u00e0 la r\u00e9putation professionnelle irr\u00e9prochable.<\/em><\/p>\n\n\n\n<p>Donc, en fait et \u00e0 prendre en compte, l\u2019observation des \u00abdix paroles\u00bb est plus pertinent que la r\u00e9f\u00e9rence \u00e0 \u00abla foi\u00bb de quelque tradition que ce soit&nbsp;: C\u2019est la r\u00e9f\u00e9rence commune aux Jud\u00e9o-Galil\u00e9ens et aux Samaritains, mais leurs fois impliquent une application diff\u00e9rente.<\/p>\n\n\n\n<h2 class=\"wp-block-heading\">6 Concernant \u00abla foi\u00bb des vertus th\u00e9ologales, pour terminer ce chapitre.<\/h2>\n\n\n\n<p>Comme je l\u2019ai relev\u00e9 \u00e0 diff\u00e9rentes reprises, je ne prend pas la \u00abfoi\u00bb comme ce que je \u00abcrois\u00bb, par rapport \u00e0 ce que je ne \u00abcrois pas\u00bb, car dans ce cas, <strong>je ne crois rien<\/strong>.<\/p>\n\n\n\n<p>J\u2019ai dans mes r\u00e9f\u00e9rences l\u2019histoire de la cr\u00e9ation, les r\u00e9cits mythologiques, les d\u00e9couvertes scientifiques, la richesse des cultures qui nous sont accessibles, les r\u00e9v\u00e9lations de la biologie sur le d\u00e9veloppement de \u00abla vie\u00bb dont on ne conna\u00eet toujours pas l\u2019origine. J\u2019ai aussi mon exp\u00e9rience humaine de plus de 80 ans et celles de mes contemporains. <em>(dans la cat\u00e9gorie de \u00abl\u2019accompli\u00bb)<\/em>Cela m\u2019enl\u00e8ve toute crainte de l\u2019avenir, et en particulier de l\u2019au del\u00e0 de la vie, pour autant qu\u2019il y en ait un&nbsp;: cela ne m\u2019int\u00e9resse pas. Ce qui m\u2019importe est ce que nous vivons ici et maintenant, et dans l\u2019esp\u00e9rance de l\u2019inaccompli encore \u00e0 r\u00e9aliser avec bienveillance et donc discernement.<\/p>\n\n\n\n<p><strong>Reste le \u00abl\u00e2cher prise\u00bb toujours en perspective et pas facile \u00e0 r\u00e9aliser, je l\u2019avoue.<\/strong><\/p>\n\n\n\n<p><a href=\"#sdfootnote1anc\" id=\"sdfootnote1sym\">1<\/a>Par exemple lors du service m\u00e9morial de Marquerite Yourtcenar dans son \u00eele du Maine (USA)<\/p>\n\n\n\n<p><a href=\"#sdfootnote2anc\" id=\"sdfootnote2sym\">2<\/a>Luc 10&nbsp;: 25 Et voici qu\u2019un docteur de la Loi se leva et mit J\u00e9sus \u00e0 l\u2019\u00e9preuve en disant&nbsp;: \u00ab&nbsp;Ma\u00eetre, que dois-je faire pour avoir en h\u00e9ritage la vie \u00e9ternelle&nbsp;?&nbsp;\u00bb 26 J\u00e9sus lui demanda&nbsp;: \u00ab&nbsp;Dans la Loi, qu\u2019y a-t-il d\u2019\u00e9crit&nbsp;? Et comment lis-tu&nbsp;?&nbsp;\u00bb 27 L\u2019autre r\u00e9pondit&nbsp;: \u00ab&nbsp;Tu aimeras le Seigneur ton Dieu de tout ton c\u0153ur, de toute ton \u00e2me, de toute ta force et de toute ton intelligence, et ton prochain comme toi-m\u00eame.&nbsp;\u00bb &#8230;<\/p>\n\n\n\n<p><a href=\"#sdfootnote3anc\" id=\"sdfootnote3sym\">3<\/a>Les p\u00e9dophiles \u00ab&nbsp;aiment les enfants&nbsp;, les feminicides \u00ab&nbsp;aiment&nbsp;\u00bb leurs victimes, les violeurs s&rsquo;aiment eux m\u00eames.<\/p>\n\n\n\n<p><a href=\"#sdfootnote4anc\" id=\"sdfootnote4sym\">4<\/a>Et leurs orientations politiques, voir leurs actions autrement qualifi\u00e9es d\u2019ill\u00e9gales.<\/p>\n\n\n\n<p><a href=\"#sdfootnote5anc\" id=\"sdfootnote5sym\">5<\/a> <em>Les \u00abdroits de l\u2019Homme\u00bb ne sont pas ceux de la \u00abfemme\u00bb&#8230;<\/em><\/p>\n\n\n\n<p><a href=\"#sdfootnote6anc\" id=\"sdfootnote6sym\">6<\/a><a href=\"https:\/\/saintebible.com\/lsg\/luke\/17.htm\">Luc 17<\/a> 5 Les ap\u00f4tres dirent au Seigneur: Augmente-nous la foi. <a href=\"https:\/\/saintebible.com\/luke\/17-6.htm\">6<\/a> Et le Seigneur dit: Si vous aviez de la foi comme un grain de moutarde, vous diriez \u00e0 ce sycomore: D\u00e9racine-toi, et plante-toi dans la mer; et il vous ob\u00e9irait.\u2026<\/p>\n\n\n\n<p><a href=\"#sdfootnote7anc\" id=\"sdfootnote7sym\">7<\/a>Luc 17:19<\/p>\n\n\n\n<p><a href=\"#sdfootnote8anc\" id=\"sdfootnote8sym\">8<\/a>dans Luc 10:25-37,<\/p>\n","protected":false},"excerpt":{"rendered":"<p>1 Ce qui int\u00e9resse l&rsquo;infid\u00e8le de base&nbsp;: Les enqu\u00eates de motivations et de fr\u00e9quentations des chr\u00e9tiens \u2013 toutes confessions confondues \u2013 montrent que ce que le \u00ab&nbsp;public&nbsp;\u00bb recherche, c&rsquo;est une r\u00e9ponse \u00e0 la question des \u00ab&nbsp;fins ultimes&nbsp;\u00bb autrement dit de la mort. Nous en faisons l&rsquo;exp\u00e9rience lors de toutes les pr\u00e9parations de services fun\u00e8bres ou [&hellip;]<\/p>\n","protected":false},"author":1,"featured_media":0,"comment_status":"closed","ping_status":"closed","sticky":false,"template":"","format":"standard","meta":{"footnotes":""},"categories":[1],"tags":[],"class_list":["post-2555","post","type-post","status-publish","format-standard","hentry","category-non-classe"],"_links":{"self":[{"href":"https:\/\/bernardvanbaalen.com\/index.php?rest_route=\/wp\/v2\/posts\/2555","targetHints":{"allow":["GET"]}}],"collection":[{"href":"https:\/\/bernardvanbaalen.com\/index.php?rest_route=\/wp\/v2\/posts"}],"about":[{"href":"https:\/\/bernardvanbaalen.com\/index.php?rest_route=\/wp\/v2\/types\/post"}],"author":[{"embeddable":true,"href":"https:\/\/bernardvanbaalen.com\/index.php?rest_route=\/wp\/v2\/users\/1"}],"replies":[{"embeddable":true,"href":"https:\/\/bernardvanbaalen.com\/index.php?rest_route=%2Fwp%2Fv2%2Fcomments&post=2555"}],"version-history":[{"count":2,"href":"https:\/\/bernardvanbaalen.com\/index.php?rest_route=\/wp\/v2\/posts\/2555\/revisions"}],"predecessor-version":[{"id":2557,"href":"https:\/\/bernardvanbaalen.com\/index.php?rest_route=\/wp\/v2\/posts\/2555\/revisions\/2557"}],"wp:attachment":[{"href":"https:\/\/bernardvanbaalen.com\/index.php?rest_route=%2Fwp%2Fv2%2Fmedia&parent=2555"}],"wp:term":[{"taxonomy":"category","embeddable":true,"href":"https:\/\/bernardvanbaalen.com\/index.php?rest_route=%2Fwp%2Fv2%2Fcategories&post=2555"},{"taxonomy":"post_tag","embeddable":true,"href":"https:\/\/bernardvanbaalen.com\/index.php?rest_route=%2Fwp%2Fv2%2Ftags&post=2555"}],"curies":[{"name":"wp","href":"https:\/\/api.w.org\/{rel}","templated":true}]}}