{"id":636,"date":"2017-03-22T15:04:30","date_gmt":"2017-03-22T14:04:30","guid":{"rendered":"http:\/\/bernardvanbaalen.com\/?p=636"},"modified":"2017-03-22T15:04:30","modified_gmt":"2017-03-22T14:04:30","slug":"joseph-le-premier-pas-celui-de-marie","status":"publish","type":"post","link":"https:\/\/bernardvanbaalen.com\/?p=636","title":{"rendered":"Joseph, le premier, pas celui de Marie."},"content":{"rendered":"<p><span style=\"color:#cc0066;\"><span style=\"font-family:'Arial Black', sans-serif;\"><span style=\"font-size:x-large;\"><b>l&rsquo;histoire de Joseph\u00a0<\/b><\/span><\/span><\/span><span style=\"color:#cc0066;\"><span style=\"font-family:'Arial Black', sans-serif;\"><span style=\"font-size:x-large;\"><b>Une <i>(violente)<\/i> actualit\u00e9 de r\u00eave \u00a0<\/b><\/span><\/span><\/span><\/p>\n<p><span style=\"color:#000000;\"><span style=\"font-family:Arial, sans-serif;\"><span style=\"font-size:large;\">La crise, ce sont les <b>vaches maigres<\/b> apr\u00e8s les <b>vaches grasses<\/b> qu&rsquo;ont \u00e9t\u00e9 les \u00ab\u00a0trente glorieuses\u00a0\u00bb<a class=\"sdfootnoteanc\" href=\"#sdfootnote1sym\" name=\"sdfootnote1anc\"><sup>1<\/sup><\/a> &#8230; et tous les gouvernements cherchent le \u00ab<b>Joseph<\/b>\u00a0\u00bb providentiel qui prendra la t\u00eate du pays, du FMI, de la Banque Mondiale ou du secr\u00e9tariat g\u00e9n\u00e9ral de l&rsquo;ONU.<\/span><\/span><\/span><\/p>\n<p><span style=\"color:#000000;\"><span style=\"font-family:Arial, sans-serif;\"><span style=\"font-size:large;\">Chaque candidat \u00e0 l&rsquo;\u00e9lection dans l&rsquo;une de ces institutions a r\u00eav\u00e9 en se rasant<a class=\"sdfootnoteanc\" href=\"#sdfootnote2sym\" name=\"sdfootnote2anc\"><sup>2<\/sup><\/a> de se voir l&rsquo;\u00e9lu du peuple, donc de dieu, faute de pharaon, \u00e0 moins que&#8230;<\/span><\/span><\/span><\/p>\n<p><span style=\"color:#000000;\"><span style=\"font-family:Arial, sans-serif;\"><span style=\"font-size:large;\"><i>Dieu convoque les candidats aux gouvernements les plus connus\u00a0: Fran\u00e7ois Fillon, Alexis Tsipras et Donald Trump. Dieu demande \u00e0 chacun le fonds de sa pens\u00e9e\u00a0:<\/i><\/span><\/span><\/span><\/p>\n<p><span style=\"color:#000000;\"><span style=\"font-family:Arial, sans-serif;\"><span style=\"font-size:large;\"><i>Fran\u00e7ois Fillon\u00a0: Je veux redonner le sens du devoir et du travail, de la rigueur budg\u00e9taire \u00e0 la France.<\/i><\/span><\/span><\/span><\/p>\n<p><span style=\"color:#000000;\"><span style=\"font-family:Arial, sans-serif;\"><span style=\"font-size:large;\"><i>Bien, bon et fid\u00e8le serviteur\u00a0: Fran\u00e7ois, viens si\u00e9ger \u00e0 ma droite&#8230;<\/i><\/span><\/span><\/span><\/p>\n<p><span style=\"color:#000000;\"><span style=\"font-family:Arial, sans-serif;\"><span style=\"font-size:large;\"><i>Alexis Tsipras\u00a0: Je veux rendre la Gr\u00e8ce vivable pour ses habitants, avec plus de justice sociale, et des revenus favorables \u00e0 un d\u00e9veloppement durable sans corruption.<\/i><\/span><\/span><\/span><\/p>\n<p><span style=\"color:#000000;\"><span style=\"font-family:Arial, sans-serif;\"><span style=\"font-size:large;\"><i>Bien, bon et fid\u00e8le serviteur\u00a0: Alexis, viens si\u00e9ger \u00e0 ma gauche&#8230;<\/i><\/span><\/span><\/span><\/p>\n<p><span style=\"color:#000000;\"><span style=\"font-family:Arial, sans-serif;\"><span style=\"font-size:large;\"><i>Donald Trump\u00a0: Je pense que vous \u00eates assis \u00e0 ma place\u00a0!<\/i><\/span><\/span><\/span><\/p>\n<p><span style=\"color:#000000;\"><span style=\"font-family:Arial, sans-serif;\"><span style=\"font-size:large;\">L&rsquo;id\u00e9e du sauveur providentiel traverse l&rsquo;histoire avec une insistance qui transcende les culture, puisqu&rsquo;on la trouve dans les destin\u00e9es de diverses grandes figures politiques, sociales, culturelles. le pharaon Am\u00e9nophis 4 Akhenaton <i>(parfois identifi\u00e9 avec Joseph)<\/i> qui voulut introduire le \u00ab\u00a0Soleil\u00a0\u00bb Dieu supr\u00eame \u00e0 la place de tous les autres, et de leurs clerg\u00e9s qui accaparaient les richesses du pays. Mo\u00efse le leader du peuple de la Terre Promise, h\u00e9ritier direct de Joseph. N\u00e9ron qui se prenait pour Dieu soi- m\u00eame, \u00e0 la suite de C\u00e9sar qui de premier Consul devint empereur et donna son nom au titre.<\/span><\/span><\/span><\/p>\n<p><span style=\"color:#000000;\"><span style=\"font-family:Arial, sans-serif;\"><span style=\"font-size:large;\">Les souverains de droit divin, Rois providentiels ou de circonstance Hugues Capet, Charlemagne, Charles Quint, sans oublier quelques papes de Rome ou d&rsquo;Avignon.<\/span><\/span><\/span><\/p>\n<p><span style=\"color:#000000;\"><span style=\"font-family:Arial, sans-serif;\"><span style=\"font-size:large;\">Les hagiographes ont eu \u00e0 c\u0153ur de d\u00e9montrer leur providentielle qualit\u00e9 d&rsquo;inspiration divine, dont ils ont eu rarement \u00e0 t\u00e9moigner eux m\u00eames, car ce n&rsquo;\u00e9tait pas encore \u00ab\u00a0trendy\u00a0\u00bb d&rsquo;\u00e9crire \u00ab\u00a0ce qu&rsquo;un pr\u00e9sident ne devrait pas dire\u00a0\u00bb<a class=\"sdfootnoteanc\" href=\"#sdfootnote3sym\" name=\"sdfootnote3anc\"><sup>3<\/sup><\/a> .<\/span><\/span><\/span><\/p>\n<p><span style=\"color:#000000;\"><span style=\"font-family:Arial, sans-serif;\"><span style=\"font-size:large;\">C&rsquo;est sans aucun doute la relation r\u00eave-destin\u00e9e qui est le plus souvent associ\u00e9e \u00e0 la r\u00e9f\u00e9rence du Joseph \u00ab\u00a0fils de Jacob\u00a0\u00bb quand on consid\u00e8re les destins politiques des \u00ab\u00a0Grands de ce Monde\u00a0\u00bb. Le contr\u00f4le de l&rsquo;\u00e9conomie et des personnes qui en d\u00e9pendent, avec les b\u00e9n\u00e9fices qui reviennent naturellement au leader, sont au c\u0153ur de l&rsquo;aspiration au \u00ab\u00a0pouvoir\u00a0\u00bb de tous les \u00ab\u00a0candidats\u00a0\u00bb.<\/span><\/span><\/span><\/p>\n<p><span style=\"color:#000000;\"><span style=\"font-family:Arial, sans-serif;\"><span style=\"font-size:large;\">Il n&rsquo;est pas n\u00e9cessaire de revenir sur toutes les identifications messianiques que les g\u00e9nies du christianisme ont imput\u00e9es au fils de Jacob, d&rsquo;Abraham \u00e0 David.<\/span><\/span><\/span><\/p>\n<p><span style=\"color:#000000;\"><span style=\"font-family:Arial, sans-serif;\"><span style=\"font-size:large;\">D&rsquo;une certaine mani\u00e8re la politique isra\u00e9lienne se comprend aussi sous cet \u00e9clairage\u00a0: Le Joseph des temps moderne\u00a0: Th\u00e9odore Herzl<a class=\"sdfootnoteanc\" href=\"#sdfootnote4sym\" name=\"sdfootnote4anc\"><sup>4<\/sup><\/a> d&rsquo;abord oppos\u00e9 \u00e0 l&rsquo;existence d&rsquo;un refuge Juif en Palestine, il sera consid\u00e9r\u00e9 comme le \u00ab\u00a0grand-P\u00e8re\u00a0\u00bb d&rsquo;Isra\u00ebl en imaginant un peuplement de la r\u00e9gion sous un id\u00e9al d\u00e9mocratique et sans exclusion religieuse ou ethnique.<\/span><\/span><\/span><\/p>\n<p><span style=\"color:#000000;\"><span style=\"font-family:'Arial Black', sans-serif;\"><span style=\"font-size:x-large;\">Le mod\u00e8le Politique et la philosophie.<\/span><\/span><\/span><\/p>\n<p><span style=\"color:#000000;\"><span style=\"font-family:Arial, sans-serif;\"><span style=\"font-size:large;\">Tr\u00e8s t\u00f4t la perception \u00ab\u00a0josephique\u00a0\u00bb de l&rsquo;organisation de la soci\u00e9t\u00e9 s&rsquo;insinua dans les principes de l&rsquo;organisation et de la philosophie\u00a0: Flavius Jos\u00e8phe, g\u00e9n\u00e9ral romain et cependant juif et philosophe contemporain de J\u00e9sus et Caligula s&rsquo;en inspire pour \u00e9crire \u00ab\u00a0<b>de Josepho\u00a0<\/b>\u00bb, pr\u00e9curseur de Philon d&rsquo;Alexandrie qui y puisera son id\u00e9e de tol\u00e9rance universelle entre les hommes \u00e9gaux en droit.<\/span><\/span><\/span><\/p>\n<p><span style=\"font-family:Arial, sans-serif;\"><span style=\"font-size:large;\"><i><span style=\"color:#000000;\">Philon nous place au c\u0153ur des probl\u00e8mes de l&rsquo;unit\u00e9 et de la division politiques et spirituelles, car, avec Joseph, le politique est pens\u00e9 \u00e0 partir du statut d&rsquo;\u00e9tranger r\u00e9sident. La politique josephique, interm\u00e9diaire entre une intelligence politique et une intelligence proph\u00e9tique, repr\u00e9sente alors le Logos m\u00e9diateur, la vie du sage oblig\u00e9 de r\u00e9sider en ce monde en \u00e9tranger, oblig\u00e9 de participer \u00e0 la vie politique pour l&rsquo;\u00e9lever, pour l&rsquo;\u00e9clairer par l&rsquo;intellect, pour interpr\u00e9ter les r\u00eaves \u00e9veill\u00e9s des hommes engourdis dans le monde sensible. <\/span><span style=\"color:#000000;\"><a class=\"sdfootnoteanc\" href=\"#sdfootnote5sym\" name=\"sdfootnote5anc\"><sup>5<\/sup><\/a><\/span><\/i><\/span><\/span><\/p>\n<p><span style=\"font-family:Arial, sans-serif;\"><span style=\"font-size:medium;\"><span style=\"color:#000000;\"><span style=\"font-size:large;\">Thomas More,<a class=\"sdfootnoteanc\" href=\"#sdfootnote6sym\" name=\"sdfootnote6anc\"><sup>6<\/sup><\/a> est <\/span><\/span><span style=\"color:#333333;\"><span style=\"font-size:large;\">c\u00e9l\u00e8bre pour son texte fondamental, \u00ab\u00a0<\/span><\/span><span style=\"color:#333333;\"><span style=\"font-size:large;\"><b>L&rsquo;Utopie<\/b><\/span><\/span><span style=\"color:#333333;\"><span style=\"font-size:large;\">\u00ab\u00a0, dans lequel il d\u00e9nonce la tyrannie du syst\u00e8me politique. Il est l&rsquo;un des plus proches de la destin\u00e9e de \u00ab\u00a0Joseph\u00a0\u00bb par l&rsquo;exercice de ses fonctions.<\/span><\/span><\/span><\/span><\/p>\n<p><span style=\"font-family:Arial, sans-serif;\"><span style=\"font-size:medium;\"><span style=\"color:#333333;\"><span style=\"font-size:large;\">Sous le r\u00e8gne du roi\u00a0<\/span><\/span><a href=\"http:\/\/www.linternaute.com\/biographie\/henri-vii\/\"><span style=\"color:#333333;\"><span style=\"font-size:large;\">Henri VII<\/span><\/span><\/a><span style=\"color:#333333;\"><span style=\"font-size:large;\"><u>,<\/u><\/span><\/span><span style=\"color:#333333;\"><span style=\"font-size:large;\"> il devient membre du parlement en 1504 et s&rsquo;insurge contre ses exactions. Sous le r\u00e8gne d&rsquo;<\/span><\/span><a href=\"http:\/\/www.linternaute.com\/biographie\/henri-viii-1\/\"><span style=\"color:#333333;\"><span style=\"font-size:large;\">Henri VIII<\/span><\/span><\/a><span style=\"color:#333333;\"><span style=\"font-size:large;\">, il conna\u00eet une prodigieuse carri\u00e8re politique. Au service du roi comme ma\u00eetre des requ\u00eates en 1514, il devient membre du conseil priv\u00e9 du roi en 1518. Il est aussi charg\u00e9 de faire du commerce en Flandre, en 1515. Dans \u00ab\u00a0L&rsquo;Utopie\u00a0\u00bb, parue en 1516. Il met en sc\u00e8ne une soci\u00e9t\u00e9 parfaite et d\u00e9nonce \u00e0 travers elle la corruption et les aberrations du syst\u00e8me anglais, et les injustices envers les plus d\u00e9munis.<a class=\"sdfootnoteanc\" href=\"#sdfootnote7sym\" name=\"sdfootnote7anc\"><sup>7<\/sup><\/a><\/span><\/span><\/span><\/span><\/p>\n<p><span style=\"font-family:Arial, sans-serif;\"><span style=\"font-size:large;\"><span style=\"color:#000000;\">Calvin, juriste avant d&rsquo;\u00eatre pasteur (<\/span><span style=\"color:#000000;\"><i>th\u00e9ologien?<\/i><\/span><span style=\"color:#000000;\">) s&rsquo;en inspire pour organiser la Cit\u00e9 de Gen\u00e8ve. Il voit Joseph comme \u00ab\u00a0droit interpr\u00e8te de la providence de Dieu\u00a0\u00bb un th\u00e8me repris par Grotius, auteur dramatique Hollandais et calviniste qui met en sc\u00e8ne ce qui lui semble le plus important\u00a0: La r\u00e9conciliation des diverses tendances et orientations attribu\u00e9es aux fr\u00e8res de Joseph, comme mod\u00e8le de la n\u00e9cessit\u00e9 d&rsquo;unit\u00e9 de la soci\u00e9t\u00e9 des Pays Bas en 1635.<\/span><\/span><\/span><\/p>\n<p><span style=\"color:#000000;\"><span style=\"font-family:Arial, sans-serif;\"><span style=\"font-size:large;\">Exil\u00e9 en France, Grotius devient conseiller de Richelieu qui n&rsquo;eut de cesse d&rsquo;organiser le pouvoir centralis\u00e9 du Royaume de France qui perdure aujourd&rsquo;hui.<\/span><\/span><\/span><\/p>\n<h2 class=\"western\" align=\"LEFT\"><span style=\"font-family:Arial, sans-serif;\"><span style=\"font-size:large;\"><span style=\"color:#000000;\">Dans la premi\u00e8re moiti\u00e9 du XIXe si\u00e8cle Charles Fourier <a class=\"sdfootnoteanc\" href=\"#sdfootnote8sym\" name=\"sdfootnote8anc\"><sup>8<\/sup><\/a> critique la civilisation de son temps. Au c\u0153ur de sa pens\u00e9e on trouve par exemple\u00a0: le travail \u00ab\u00a0attrayant\u00a0\u00bb, l\u2019\u00e9ducation attentive \u00e0 chacun, la libert\u00e9 sexuelle, l\u2019\u00e9mancipation des femmes.\u00a0 <\/span><\/span><\/span><\/h2>\n<h2 class=\"western\" align=\"LEFT\"><span style=\"color:#000000;\"><span style=\"font-family:Arial, sans-serif;\"><span style=\"font-size:large;\">Etant donn\u00e9 que les bonnes id\u00e9es ne tombent pas du ciel\u00a0\u00bb comme la J\u00e9rusalem c\u00e9leste, mieux vaut essayer de r\u00e9aliser son r\u00eave\u00a0: <\/span><\/span><\/span><\/h2>\n<h2 class=\"western\" align=\"LEFT\"><span style=\"font-family:Arial, sans-serif;\"><span style=\"font-size:large;\"><span style=\"color:#000000;\">En d\u00e9veloppant l&rsquo;id\u00e9e du \u00ab\u00a0<\/span><span style=\"color:#000000;\">Phalanst\u00e8re\u00a0\u00bb<a class=\"sdfootnoteanc\" href=\"#sdfootnote9sym\" name=\"sdfootnote9anc\"><sup>9<\/sup><\/a>\u00a0, Fourier affirme que \u00ab\u00a0dans le cas o\u00f9 ce m\u00e9canisme serait praticable et d\u00e9montr\u00e9 par une \u00e9preuve sur un village, il est certain que l\u2019ordre civilis\u00e9 ou morcellement serait abandonn\u00e9 \u00e0 l\u2019instant pour le r\u00e9gime soci\u00e9taire\u00a0\u00bb. <\/span><\/span><\/span><\/h2>\n<p><span style=\"font-family:Arial, sans-serif;\"><span style=\"font-size:large;\"><span style=\"color:#000000;\"><span style=\"font-size:large;\">L&rsquo;histoire de Joseph est encore en arri\u00e8re plan du destin de Napol\u00e9on Bonaparte<a class=\"sdfootnoteanc\" href=\"#sdfootnote10sym\" name=\"sdfootnote10anc\"><sup>10<\/sup><\/a> <\/span><\/span><span style=\"color:#000000;\"><span style=\"font-size:large;\">Parvenu au pouvoir en 1799, par un coup d&rsquo;\u00e9tat<\/span><\/span><span style=\"color:#000000;\"><span style=\"font-size:large;\">.<\/span><\/span> <a href=\"https:\/\/fr.wikipedia.org\/wiki\/Consulat_(histoire_de_France)\"><span style=\"color:#000000;\"><span style=\"font-size:large;\">Premier consul<\/span><\/span><\/a><span style=\"color:#000000;\"><span style=\"font-size:large;\"><b>\u00a0<\/b><\/span><\/span><span style=\"color:#000000;\"><span style=\"font-size:large;\">jusqu&rsquo;au\u00a0<\/span><\/span><span style=\"color:#000000;\"><span style=\"font-size:large;\"><b>2 ao\u00fbt 1802<\/b><\/span><\/span><span style=\"color:#000000;\"><span style=\"font-size:large;\">, Consul \u00e0 vie jusqu&rsquo;au\u00a0<\/span><\/span><span style=\"color:#000000;\"><span style=\"font-size:large;\"><b>18 mai 1804<\/b><\/span><\/span><span style=\"color:#000000;\"><span style=\"font-size:large;\">, o\u00f9 il est proclam\u00e9 empereur par un\u00a0<\/span><\/span><a href=\"https:\/\/fr.wikipedia.org\/wiki\/S\u00e9natus-consulte\"><span style=\"color:#000000;\"><span style=\"font-size:large;\">s\u00e9natus-consulte<\/span><\/span><\/a><span style=\"color:#000000;\"><span style=\"font-size:large;\"><b>\u00a0<\/b><\/span><\/span><span style=\"color:#000000;\"><span style=\"font-size:large;\">suivi d&rsquo;un\u00a0<\/span><\/span><a href=\"https:\/\/fr.wikipedia.org\/wiki\/Pl\u00e9biscite\"><span style=\"color:#000000;\"><span style=\"font-size:large;\">pl\u00e9biscite<\/span><\/span><\/a><span style=\"color:#000000;\"><span style=\"font-size:large;\">. Il est sacr\u00e9 empereur, le\u00a0<\/span><\/span><a href=\"https:\/\/fr.wikipedia.org\/wiki\/2_d\u00e9cembre\"><span style=\"color:#000000;\"><span style=\"font-size:large;\"><b>2<\/b><\/span><\/span><\/a><span style=\"color:#000000;\"><span style=\"font-size:large;\"><b>\u00a0<\/b><\/span><\/span><a href=\"https:\/\/fr.wikipedia.org\/wiki\/D\u00e9cembre_1804\"><span style=\"color:#000000;\"><span style=\"font-size:large;\"><b>d\u00e9cembre<\/b><\/span><\/span><\/a><span style=\"color:#000000;\"><span style=\"font-size:large;\"><b>\u00a0<\/b><\/span><\/span><a href=\"https:\/\/fr.wikipedia.org\/wiki\/1804\"><span style=\"color:#000000;\"><span style=\"font-size:large;\"><b>1804<\/b><\/span><\/span><\/a><span style=\"color:#000000;\"><span style=\"font-size:large;\">, par <\/span><\/span><span style=\"color:#000000;\"><span style=\"font-size:large;\"><i>(plut\u00f4t contre)<\/i><\/span><\/span><span style=\"color:#000000;\"><span style=\"font-size:large;\"> le pape\u00a0<\/span><\/span><a href=\"https:\/\/fr.wikipedia.org\/wiki\/Pie_VII\"><span style=\"color:#000000;\"><span style=\"font-size:large;\">Pie\u00a0<\/span><\/span><\/a><a href=\"https:\/\/fr.wikipedia.org\/wiki\/Pie_VII\"><span style=\"color:#000000;\"><span style=\"font-size:large;\">VII<\/span><\/span><\/a><span style=\"color:#000000;\"><span style=\"font-size:large;\">.<\/span><\/span><span style=\"color:#000000;\"><span style=\"font-size:large;\"> Joseph est le mod\u00e8le de cet homme parti modestement <\/span><\/span><span style=\"color:#000000;\"><span style=\"font-size:large;\"><i>(pas tellement\u00a0:\u00a0S&rsquo;il n&rsquo;est pas fils de patriarche, il l&rsquo;est de patricien corse)<\/i><\/span><\/span><span style=\"color:#000000;\"><span style=\"font-size:large;\"> il parvient par \u00ab\u00a0\u00e9lection\u00a0\u00bb aux plus hautes fonctions qu&rsquo;il voudra \u00ab\u00a0de droit divin\u00a0\u00bb. Il organisera la soci\u00e9t\u00e9 gr\u00e2ce \u00e0 ses victoires qui lui permettent d&rsquo;annexer \u00e0 la France de vastes territoires et de gouverner la majeure partie de <\/span><\/span><a href=\"https:\/\/fr.wikipedia.org\/wiki\/Europe_continentale\"><span style=\"font-size:large;\">l<\/span><\/a><span style=\"color:#000000;\"><span style=\"font-size:large;\">&lsquo;Europe Continentale, laissant partout des lois et des codes qui r\u00e9gissent encore au 21e si\u00e8cle bon nombre de nos comportements juridiques.<a class=\"sdfootnoteanc\" href=\"#sdfootnote11sym\" name=\"sdfootnote11anc\"><sup>11<\/sup><\/a><\/span><\/span><\/span><\/span><\/p>\n<p><span style=\"color:#000000;\"><span style=\"font-family:Arial, sans-serif;\"><span style=\"font-size:x-large;\"><b>La pens\u00e9e sociale et politique apr\u00e8s la R\u00e9volution<\/b><\/span><\/span><\/span><\/p>\n<p><span style=\"font-family:Arial, sans-serif;\"><span style=\"font-size:large;\"><span style=\"color:#000000;\"><span style=\"font-size:large;\">Pour Saint-Simon<a class=\"sdfootnoteanc\" href=\"#sdfootnote12sym\" name=\"sdfootnote12anc\"><sup>12<\/sup><\/a>, Dieu est en quelque sorte remplac\u00e9 par la\u00a0<\/span><\/span><a href=\"https:\/\/fr.wikipedia.org\/wiki\/Loi_universelle_de_la_gravitation\">g<\/a><span style=\"color:#000000;\"><span style=\"font-size:large;\">ravitation universelle. Cette th\u00e8se est inspir\u00e9e par Newton et sa pomme. La doctrine qui en d\u00e9coule s&rsquo;appuie sur la notion de r\u00e9seau et de capacit\u00e9. La relation entre les\u00a0\u00eatres humains d\u00e9pend de la capacit\u00e9 du r\u00e9seau \u00e0 \u00e9tablir le lien. Elle proc\u00e8de par m\u00e9taphore avec les r\u00e9seaux organiques humains (r\u00e9seau sanguin, syst\u00e8me nerveux&#8230;), selon les id\u00e9es en vogue en\u00a0<\/span><\/span><a href=\"https:\/\/fr.wikipedia.org\/wiki\/Physiologie\">p<\/a><span style=\"color:#000000;\"><span style=\"font-size:large;\">hysiologie\u00a0de cette \u00e9poque. Les connaissances des uns sont utiles aux autres.<\/span><\/span><\/span><\/span><\/p>\n<p><span style=\"font-family:Arial, sans-serif;\"><span style=\"font-size:large;\"><span style=\"color:#000000;\"><span style=\"font-size:large;\">Si \u00ab\u00a0la famille de Joseph\u00a0\u00bb n&rsquo;est pas explicitement pr\u00e9sente, elle subsiste dans l&rsquo;organisation de la (sur)vie de la famille. Saint-Simon est \u00e0 l&rsquo;origine de la\u00a0philosophie des r\u00e9seaux sociaux\u00a0selon Pierre Musso<a class=\"sdfootnoteanc\" href=\"#sdfootnote13sym\" name=\"sdfootnote13anc\"><sup>13<\/sup><\/a>.<\/span><\/span><\/span><\/span><\/p>\n<p><a name=\"cite_ref-Dictionnaire_7-0\"><\/a><a name=\"cite_ref-Universalis_12-0\"><\/a> <span style=\"font-family:Arial, sans-serif;\"><span style=\"font-size:large;\"><span style=\"color:#000000;\"><span style=\"font-size:large;\">Pierre-Joseph Proudhon<\/span><\/span><span style=\"color:#000000;\"><span style=\"font-size:large;\">\u00a0est autodidacte, penseur du\u00a0socialisme libertaire non \u00e9tatique, partisan du mutualisme\u00a0et du\u00a0<\/span><\/span><a href=\"https:\/\/fr.wikipedia.org\/wiki\/F\u00e9d\u00e9ralisme\">f<\/a><span style=\"color:#000000;\"><span style=\"font-size:large;\">\u00e9d\u00e9ralisme, pr\u00e9curseur de l&rsquo;anarchisme. Il est le seul th\u00e9oricien r\u00e9volutionnaire du 19e\u00a0si\u00e8cle \u00e0 \u00eatre issu du\u00a0milieu ouvrier. D\u00e8s1840 il proclame que \u00ab\u00a0<\/span><\/span><span style=\"color:#000000;\"><span style=\"font-size:large;\"><i>La libert\u00e9 est anarchie, parce qu&rsquo;elle n&rsquo;admet pas le gouvernement de la volont\u00e9, mais seulement l&rsquo;autorit\u00e9 de la loi, c&rsquo;est-\u00e0-dire de la n\u00e9cessit\u00e9\u00a0<\/i><\/span><\/span><span style=\"color:#000000;\"><span style=\"font-size:large;\">\u00bb. Hasard ou n\u00e9cessit\u00e9\u00a0: c&rsquo;est la \u00ab\u00a0main de Dieu\u00a0\u00bb qui pousse \u00ab\u00a0Solar Impulse\u00a0\u00bb et fait de vous des \u00eatres libres.<\/span><\/span><\/span><\/span><\/p>\n<p><span style=\"color:#000000;\"><span style=\"font-family:Arial, sans-serif;\"><span style=\"font-size:large;\">Lui peut \u00eatre identifi\u00e9 au Joseph l\u00e9gislateur de l&rsquo;Egypte.<\/span><\/span><\/span><\/p>\n<p><span style=\"color:#000000;\"><span style=\"font-family:Arial, sans-serif;\"><span style=\"font-size:x-large;\"><b>La R\u00e9volution est en marche.<\/b><\/span><\/span><\/span><\/p>\n<p><span style=\"font-family:Arial, sans-serif;\"><span style=\"font-size:large;\"><span style=\"color:#000000;\"><span style=\"font-size:large;\">La r\u00e9flexion sur l&rsquo;organisation de la soci\u00e9t\u00e9 sera au c\u0153ur de l\u2019\u0153uvre de Friedrich Engels<a class=\"sdfootnoteanc\" href=\"#sdfootnote14sym\" name=\"sdfootnote14anc\"><sup>14<\/sup><\/a> et son ami Karl.H.Marx<a class=\"sdfootnoteanc\" href=\"#sdfootnote15sym\" name=\"sdfootnote15anc\"><sup>15<\/sup><\/a> auteurs du \u00ab\u00a0<\/span><\/span><span style=\"color:#000000;\"><span style=\"font-size:large;\"><b>Capital<\/b><\/span><\/span><span style=\"color:#000000;\"><span style=\"font-size:large;\">\u00a0\u00bb Il sont connus pour leur\u00a0(<\/span><\/span><span style=\"color:#000000;\"><span style=\"font-size:large;\"><i>immacul\u00e9e\u00a0?<\/i><\/span><\/span><span style=\"color:#000000;\"><span style=\"font-size:large;\">) conception mat\u00e9rialiste de l&rsquo;histoire, leur description des rouages du\u00a0capitalisme et pour leur activit\u00e9 r\u00e9volutionnaire au sein du\u00a0mouvement ouvrier.<\/span><\/span><\/span><\/span><\/p>\n<p><span style=\"color:#000000;\"><span style=\"font-family:Arial, sans-serif;\"><span style=\"font-size:large;\">La r\u00e9f\u00e9rence au processus d&rsquo;acc\u00e8s au pouvoir de Joseph n&rsquo;est pas seulement un h\u00e9ritage religieux, juif ou luth\u00e9rien, mais un bon exemple que ce qui s&rsquo;impose par la situation \u00e9conomique devient une n\u00e9cessit\u00e9 politique\u00a0: Fidel Castro \u00e0 Cuba en \u00e9tait encore r\u00e9cemment l&rsquo;exemple le plus pertinent &#8230; bien que d\u00e9mocratiquement douteux\u00a0!<a class=\"sdfootnoteanc\" href=\"#sdfootnote16sym\" name=\"sdfootnote16anc\"><sup>16<\/sup><\/a><\/span><\/span><\/span><\/p>\n<p><span style=\"color:#000000;\"><span style=\"font-family:Arial, sans-serif;\"><span style=\"font-size:large;\">Il faut bien quelqu&rsquo;un pour organiser les r\u00e9coltes dans les greniers qui seront ouverts \u00e0 tous.<\/span><\/span><\/span><\/p>\n<p><span style=\"color:#000000;\"><span style=\"font-family:Arial, sans-serif;\"><span style=\"font-size:x-large;\"><b>Repenser le monde, apr\u00e8s la guerre de 14-18 <\/b><\/span><\/span><\/span><\/p>\n<p><span style=\"font-family:Arial, sans-serif;\"><span style=\"font-size:large;\"><span style=\"color:#000000;\">En 2013 Laurent Pi\u00e9tra \u00e9crit\u00a0:<\/span><span style=\"color:#000000;\"><i>Thomas Mann est celui qui a r\u00e9crit l&rsquo;histoire de Joseph pour d\u00e9raciner le mal de son temps, pour lever les accusations mensong\u00e8res, d\u00e9noncer les pers\u00e9cutions dans une \u201c<\/i><\/span><span style=\"color:#000000;\"><i><b>F\u00eate de la narration<\/b><\/i><\/span><span style=\"color:#000000;\"><i>\u201d . <\/i><\/span><span style=\"color:#000000;\"><i> Le jos\u00e9phisme herm\u00e9tique de Mann, le \u201cjeu\u201d avec le texte biblique , pourraient rendre la le\u00e7on politique difficile \u00e0 tirer; la politique de Thomas Mann n&rsquo;est pas un commandement; elle est de l&rsquo;ordre du conseil. Il faut ainsi retenir l&rsquo;exigence spirituelle de Mann qui favorisait l&rsquo;acceptation de la plus grande diversit\u00e9 spirituelle, le refus de toute exclusion, qui redonnait au juda\u00efsme une place essentielle dans la conscience europ\u00e9enne et occidentale: Cette exigence spirituelle, qui \u00e9tait aussi ironie, transforma le jeune auteur r\u00e9actionnaire en soutien de la d\u00e9mocratie sociale et de F. D. Roosevelt<a class=\"sdfootnoteanc\" href=\"#sdfootnote17sym\" name=\"sdfootnote17anc\"><sup>17<\/sup><\/a>, nomm\u00e9ment identifi\u00e9 \u00e0 Joseph, dans une union politique face \u00e0 ceux qu&rsquo;il appelait \u201cles partisans de la bassesse\u201d . <\/i><\/span><span style=\"color:#000000;\">Roosevelt instituait la s\u00e9curit\u00e9 sociale, un minist\u00e8re du travail et celui de l&rsquo;Agriculture, destin\u00e9s \u00e0 r\u00e9guler l&rsquo;\u00e9conomie devenue cahotique apr\u00e8s l&rsquo;effondrement boursier de 1929.<a class=\"sdfootnoteanc\" href=\"#sdfootnote18sym\" name=\"sdfootnote18anc\"><sup>18<\/sup><\/a><\/span><\/span><\/span><\/p>\n<p><span style=\"font-family:Arial, sans-serif;\"><span style=\"font-size:large;\"><span style=\"color:#000000;\"><i>Avec \u00ab\u00a0<\/i><\/span><span style=\"color:#000000;\"><i><b>Joseph et ses fr\u00e8res\u00a0\u00bb<\/b><\/i><\/span><span style=\"color:#000000;\"><i>, T.Mann tra\u00e7ait la figure d&rsquo;un christianisme universel, la\u00efcis\u00e9, r\u00e9fractant toutes les aspirations religieuses qui d\u00e9livrent du mal, de l&rsquo;exclusion de l&rsquo;autre homme.<a class=\"sdfootnoteanc\" href=\"#sdfootnote19sym\" name=\"sdfootnote19anc\"><sup>19<\/sup><\/a> <\/i><\/span><\/span><\/span><\/p>\n<p><span style=\"color:#000000;\"><span style=\"font-family:Arial, sans-serif;\"><span style=\"font-size:x-large;\"><b>Joseph le r\u00eaveur r\u00eav\u00e9l\u00e9 par ses r\u00eaves au 20<sup>e<\/sup> si\u00e8cle<\/b><\/span><\/span><\/span><\/p>\n<p><span style=\"color:#000000;\"><span style=\"font-family:Arial, sans-serif;\"><span style=\"font-size:large;\">A l&rsquo;autre extr\u00e9mit\u00e9 de l&rsquo;identification des exemples pr\u00e9c\u00e9dents qui ont \u00e9t\u00e9 inspir\u00e9s par la destin\u00e9e politique du personnage, c&rsquo;est certainement Sigmund Freud<a class=\"sdfootnoteanc\" href=\"#sdfootnote20sym\" name=\"sdfootnote20anc\"><sup>20<\/sup><\/a> qui <i>(s&rsquo;)<\/i>est le plus clairement identifi\u00e9 \u00e0 l&rsquo;histoire de Joseph pour l\u2019interpr\u00e9tation des r\u00eaves. Pour Freud, les r\u00eaves contiennent les pr\u00e9misses d&rsquo;une destin\u00e9e, r\u00e9alisable ou souhait\u00e9e. Les r\u00eaves sont r\u00e9v\u00e9lateurs des missions inaccomplies et des \u00e9checs programm\u00e9s, comme des pulsions qui induisent des comportement parfois adapt\u00e9s, parfois incongrus, ou franchement d\u00e9viants. Le r\u00eave d&rsquo;Adolphe Hitler le peintre d&rsquo;aquarelles autrichien, ou celui de Charles de Gaulle conduisent \u00e0 des prises de pouvoirs aux cons\u00e9quences bien diff\u00e9rentes.<\/span><\/span><\/span><\/p>\n<p><span style=\"color:#000000;\"><span style=\"font-family:Arial, sans-serif;\"><span style=\"font-size:large;\"><span style=\"color:#1f1f1f;\"><span style=\"font-size:large;\">Si la premi\u00e8re identification de Freud dans\u00a0<\/span><\/span><em><span style=\"color:#1f1f1f;\"><span style=\"font-size:large;\"><b>L\u2019Interpr\u00e9tation des r\u00eaves<\/b><\/span><\/span><\/em><span style=\"color:#1f1f1f;\"><span style=\"font-size:large;\">\u00a0: se r\u00e9f\u00e9rait \u00e0 Joseph, le fils de Jacob et de Rachel, le ministre et l\u2019interpr\u00e8te des r\u00eaves du pharaon \u2013il reviendra \u00e0 une identification finale \u00e0 Mo\u00efse. Il faudrait parler d\u2019un cheminement \u00ab\u00a0de Mo\u00efse \u00e0 Joseph\u00a0\u00bb<a class=\"sdfootnoteanc\" href=\"#sdfootnote21sym\" name=\"sdfootnote21anc\"><sup>21<\/sup><\/a>, puisque l\u2019identit\u00e9 juive dont Mo\u00efse avait jet\u00e9 les bases s\u2019est \u00e9panouie parmi les nations auxquelles les Juifs modernes et contemporains se sont assimil\u00e9s<\/span><\/span><span style=\"color:#252525;\"><span style=\"font-size:large;\">.<\/span><\/span><\/span><\/span><\/span><\/p>\n<p><span style=\"color:#252525;\"><span style=\"font-family:Arial, sans-serif;\"><span style=\"font-size:x-large;\"><b>Pour r\u00e9sumer\u00a0:<\/b><\/span><\/span><\/span><\/p>\n<p><span style=\"color:#000000;\"><span style=\"font-family:Arial, sans-serif;\"><span style=\"font-size:large;\"><span style=\"color:#252525;\">L&rsquo;histoire de Joseph est un concentr\u00e9 symbolique de l&rsquo;histoire, de la politique, et de la culture qui inspire le monde de mani\u00e8re moins \u00ab\u00a0\u00e9vidente\u00a0\u00bb que Machiavel ou Nostradamus pour le commun des mortels. Son histoire est parall\u00e8le \u00e0 ces r\u00e9cits de \u00ab\u00a0G\u00e9nies de Garages\u00a0\u00bb qui dominent le monde avec leurs inventions<a class=\"sdfootnoteanc\" href=\"#sdfootnote22sym\" name=\"sdfootnote22anc\"><sup>22<\/sup><\/a> ou comme celle d&rsquo;<a class=\"sdfootnoteanc\" href=\"#sdfootnote23sym\" name=\"sdfootnote23anc\"><sup>23<\/sup><\/a>Alexandre le Grand qui d\u00e9veloppa son Empire du royaume marginal de Mac\u00e9doine jusqu&rsquo;aux confins de la Chine. <\/span><\/span><\/span><\/span><\/p>\n<p><span style=\"color:#000000;\"><span style=\"font-family:Arial, sans-serif;\"><span style=\"font-size:large;\"><span style=\"color:#252525;\">Voir de Jeanne d&rsquo;Arc, l&rsquo;improbable pucelle pr\u00e9f\u00e9r\u00e9e d&rsquo;un roi \u00e0 qui elle rend son Royaume. <\/span><span style=\"color:#252525;\"><i>(Il n&rsquo;y a que des \u00ab\u00a0m\u00e8res\u00a0\u00bb dans le r\u00e9cit de Joseph !)<\/i><\/span><\/span><\/span><\/span><\/p>\n<p><span style=\"color:#000000;\"><span style=\"font-family:Arial, sans-serif;\"><span style=\"font-size:large;\"><span style=\"color:#252525;\">La saga de Joseph inspire plus g\u00e9n\u00e9ralement les \u00ab\u00a0politiques de Gauche\u00a0\u00bb et le mouvement socialiste avec ce que cela implique dans l&rsquo;organisation de la soci\u00e9t\u00e9. Elle permet une interpr\u00e9tation des politiques d\u00e9velopp\u00e9es par les grandes institutions internationales<a class=\"sdfootnoteanc\" href=\"#sdfootnote24sym\" name=\"sdfootnote24anc\"><sup>24<\/sup><\/a> en vue d&rsquo;un partage plus \u00e9quitable des ressources de la plan\u00e8te. C&rsquo;est moins \u00ab\u00a0clivant\u00a0\u00bb que la r\u00e9f\u00e9rence au Marxisme&#8230;<\/span><\/span><\/span><\/span><\/p>\n<p><span style=\"color:#000000;\"><span style=\"font-family:Arial, sans-serif;\"><span style=\"font-size:large;\"><span style=\"color:#252525;\">Le r\u00eave des retrouvailles familiales est derri\u00e8re le \u00ab\u00a0Forum \u00e9conomique de Davos\u00a0\u00bb<a class=\"sdfootnoteanc\" href=\"#sdfootnote25sym\" name=\"sdfootnote25anc\"><sup>25<\/sup><\/a> comme il l&rsquo;a \u00e9t\u00e9 chez Grotius dans les provinces hollandaises du 16e si\u00e8cle.<\/span><\/span><\/span><\/span><\/p>\n<p><span style=\"color:#000000;\"><span style=\"font-family:Arial, sans-serif;\"><span style=\"font-size:large;\"><span style=\"color:#252525;\">Mais la personne de Joseph inspire aussi les politiciens de droite, favorables \u00e0 un pouvoir fort, qui dictent les conditions de l&rsquo;\u00e9conomie et choisissent le renard pour surveiller le poulailler.<a class=\"sdfootnoteanc\" href=\"#sdfootnote26sym\" name=\"sdfootnote26anc\"><sup>26<\/sup><\/a> ou justifient un lib\u00e9ralisme pr\u00e9dateur.<\/span><\/span><\/span><\/span><\/p>\n<h3><span style=\"color:#000000;\"><span style=\"color:#252525;\"> <span style=\"font-family:Arial, sans-serif;\"><span style=\"font-size:large;\">De toute \u00e9vidence <\/span><span style=\"color:#252525;\">Joseph comme figure messianique<\/span><span style=\"color:#252525;\"> inspire les r\u00e9dacteurs bibliques du second testament, en incluant les songes dans les sc\u00e9narios de la nativit\u00e9. \u00ab\u00a0Qu&rsquo;ils soient un &#8230; pour que le monde croie\u00a0\u00bb<a class=\"sdfootnoteanc\" href=\"#sdfootnote27sym\" name=\"sdfootnote27anc\"><sup>27<\/sup><\/a> va inspirer les r\u00eaves d&rsquo;unit\u00e9 d&rsquo;une \u00e9glise en voie de dislocation d\u00e8s le 1er si\u00e8cle jusqu&rsquo;\u00e0 l&rsquo;av\u00e8nement du Conseil \u0152cum\u00e9nique, qui attend encore son \u00ab\u00a0Joseph\u00a0\u00bb malgr\u00e9 l&rsquo;Abb\u00e9 Paul Couturier<a class=\"sdfootnoteanc\" href=\"#sdfootnote28sym\" name=\"sdfootnote28anc\"><sup>28<\/sup><\/a> qui attend de son c\u00f4t\u00e9 que J\u00e9sus veuille bien la r\u00e9aliser.<\/span><\/span><\/span><\/span><\/h3>\n<p><span style=\"color:#000000;\"><span style=\"font-family:Arial, sans-serif;\"><span style=\"font-size:large;\"><span style=\"color:#252525;\">Joseph est encore derri\u00e8re les rencontres d&rsquo;Assises<a class=\"sdfootnoteanc\" href=\"#sdfootnote29sym\" name=\"sdfootnote29anc\"><sup>29<\/sup><\/a> qui r\u00e9unissent les religieux de toutes les d\u00e9nominations <\/span><span style=\"color:#252525;\"><i>(qui les tol\u00e8rent)<\/i><\/span><span style=\"color:#252525;\"> en vue d&rsquo;une spiritualit\u00e9 convergente vers un \u00ab\u00a0Royaume de Dieu\u00a0\u00bb dont on se garde bien de l&rsquo;appeler par un \u00ab\u00a0nom\u00a0\u00bb &#8230; si cela vous dit quelque chose\u00a0: \u00a0 \u00a0<\/span><\/span><\/span><\/span><span style=\"color:#252525;\"><span style=\"font-family:Arial, sans-serif;\"><span style=\"font-size:large;\">YHWH ne se dit pas\u00a0!<\/span><\/span><\/span><\/p>\n<div id=\"sdfootnote1\">\n<p class=\"sdfootnote\"><a class=\"sdfootnotesym\" href=\"#sdfootnote1anc\" name=\"sdfootnote1sym\">1<\/a>1960-1990<\/p>\n<\/div>\n<div id=\"sdfootnote2\">\n<p class=\"sdfootnote\"><a class=\"sdfootnotesym\" href=\"#sdfootnote2anc\" name=\"sdfootnote2sym\">2<\/a>Sarkosy \u00e9lu en France contre S\u00e9gol\u00e8ne Royal.<\/p>\n<\/div>\n<div id=\"sdfootnote3\">\n<p class=\"sdfootnote\"><a class=\"sdfootnotesym\" href=\"#sdfootnote3anc\" name=\"sdfootnote3sym\">3<\/a>Fran\u00e7ois Hollande 2016.<\/p>\n<\/div>\n<div id=\"sdfootnote4\">\n<p class=\"sdfootnote\"><a class=\"sdfootnotesym\" href=\"#sdfootnote4anc\" name=\"sdfootnote4sym\">4<\/a>1860 -1904 <span style=\"color:#000000;\"><span style=\"font-family:Arial, sans-serif;\"><span style=\"font-size:xx-small;\">Fondateur du mouvement\u00a0<\/span><\/span><\/span><a href=\"https:\/\/fr.wikipedia.org\/wiki\/Sionisme\"><span style=\"color:#000000;\"><span style=\"font-family:Arial, sans-serif;\"><span style=\"font-size:xx-small;\">sioniste<\/span><\/span><\/span><\/a><span style=\"color:#000000;\"><span style=\"font-family:Arial, sans-serif;\"><span style=\"font-size:xx-small;\">\u00a0au\u00a0<\/span><\/span><\/span><a href=\"https:\/\/fr.wikipedia.org\/wiki\/Congr\u00e8s_sioniste\"><span style=\"color:#000000;\"><span style=\"font-family:Arial, sans-serif;\"><span style=\"font-size:xx-small;\">congr\u00e8s de B\u00e2le<\/span><\/span><\/span><\/a><span style=\"color:#000000;\"><span style=\"font-family:Arial, sans-serif;\"><span style=\"font-size:xx-small;\">\u00a0en\u00a0<\/span><\/span><\/span><a href=\"https:\/\/fr.wikipedia.org\/wiki\/1897\"><span style=\"color:#000000;\"><span style=\"font-family:Arial, sans-serif;\"><span style=\"font-size:xx-small;\">1897<\/span><\/span><\/span><\/a><span style=\"color:#000000;\"><span style=\"font-family:Arial, sans-serif;\"><span style=\"font-size:xx-small;\">,<\/span><\/span><\/span><\/p>\n<\/div>\n<div id=\"sdfootnote5\">\n<p class=\"sdfootnote\"><a class=\"sdfootnotesym\" href=\"#sdfootnote5anc\" name=\"sdfootnote5sym\">5<\/a>Laurent Pietra.Les m\u00e9tamorphoses de Joseph. p.17<\/p>\n<\/div>\n<div id=\"sdfootnote6\">\n<p class=\"sdfootnote\"><span style=\"font-size:small;\"><a class=\"sdfootnotesym\" href=\"#sdfootnote6anc\" name=\"sdfootnote6sym\">6<\/a>1478-1535 <span style=\"color:#333333;\"><span style=\"font-family:Arial;\"> philosophe humaniste et homme politique du XVIe<\/span><\/span><\/span><\/p>\n<\/div>\n<div id=\"sdfootnote7\">\n<p class=\"sdfootnote\"><a class=\"sdfootnotesym\" href=\"#sdfootnote7anc\" name=\"sdfootnote7sym\">7<\/a>Citation de wikipedia<\/p>\n<\/div>\n<div id=\"sdfootnote8\">\n<p><span style=\"font-size:medium;\"><a class=\"sdfootnotesym\" href=\"#sdfootnote8anc\" name=\"sdfootnote8sym\">8<\/a><strong><span style=\"color:#000000;\"><span style=\"font-family:Arial, sans-serif;\"><span style=\"font-size:small;\">1772-1837<\/span><\/span><\/span><\/strong> <\/span><\/p>\n<\/div>\n<div id=\"sdfootnote9\">\n<p class=\"sdfootnote\"><a class=\"sdfootnotesym\" href=\"#sdfootnote9anc\" name=\"sdfootnote9sym\">9<\/a>Village autarcique et communautaire se d\u00e9veloppant par l&rsquo;exemplarit\u00e9 de l&rsquo;exp\u00e9rience.<\/p>\n<\/div>\n<div id=\"sdfootnote10\">\n<p class=\"sdfootnote\"><a class=\"sdfootnotesym\" href=\"#sdfootnote10anc\" name=\"sdfootnote10sym\">10<\/a>1769 \u2013 1821.<\/p>\n<\/div>\n<div id=\"sdfootnote11\">\n<p class=\"sdfootnote\"><a class=\"sdfootnotesym\" href=\"#sdfootnote11anc\" name=\"sdfootnote11sym\">11<\/a><span style=\"color:#252525;\"><span style=\"font-family:Arial, sans-serif;\"><span style=\"font-size:small;\"> Le Code civil des Fran\u00e7ais, promulgu\u00e9 par la<\/span><\/span><\/span><span style=\"color:#000000;\"><span style=\"font-family:Arial, sans-serif;\"><span style=\"font-size:small;\"> loi <\/span><\/span><\/span><span style=\"color:#252525;\"><span style=\"font-family:Arial, sans-serif;\"><span style=\"font-size:small;\">du 321\u00a0mars\u00a01804, re\u00e7ut en1807 le nom de Code Napol\u00e9on.<\/span><\/span><\/span><\/p>\n<\/div>\n<div id=\"sdfootnote12\">\n<p class=\"sdfootnote\"><a class=\"sdfootnotesym\" href=\"#sdfootnote12anc\" name=\"sdfootnote12sym\">12<\/a>1760-1825<\/p>\n<\/div>\n<div id=\"sdfootnote13\">\n<p class=\"sdfootnote\"><a class=\"sdfootnotesym\" href=\"#sdfootnote13anc\" name=\"sdfootnote13sym\">13<\/a><span style=\"color:#000000;\"><span style=\"font-family:Arial, sans-serif;\"><span style=\"font-size:small;\"> n\u00e9 en 1950, est un philosophe de formation<\/span><\/span><\/span> <span style=\"color:#000000;\"><span style=\"font-family:Arial, sans-serif;\"><span style=\"font-size:small;\">\u00a0<\/span><\/span><\/span><span style=\"color:#000000;\"><span style=\"font-family:Arial, sans-serif;\"><span style=\"font-size:small;\">professeur en\u00a0<\/span><\/span><\/span><a href=\"https:\/\/fr.wikipedia.org\/wiki\/Sciences_de_l%27information_et_de_la_communication\"><span style=\"color:#000000;\"><span style=\"font-family:Arial, sans-serif;\"><span style=\"font-size:small;\">Sciences de l&rsquo;information et de la communication<\/span><\/span><\/span><\/a><span style=\"color:#000000;\"><span style=\"font-family:Arial, sans-serif;\"><span style=\"font-size:small;\">\u00a0<\/span><\/span><\/span><span style=\"color:#000000;\"><span style=\"font-family:Arial, sans-serif;\"><span style=\"font-size:small;\">\u00e0\u00a0<\/span><\/span><\/span><a href=\"https:\/\/fr.wikipedia.org\/wiki\/T\u00e9l\u00e9com_ParisTech\"><span style=\"color:#000000;\"><span style=\"font-family:Arial, sans-serif;\"><span style=\"font-size:small;\">T\u00e9l\u00e9com ParisTech<\/span><\/span><\/span><\/a><span style=\"color:#000000;\"><span style=\"font-family:Arial, sans-serif;\"><span style=\"font-size:small;\">, ainsi qu&rsquo;\u00e0 l&rsquo;<\/span><\/span><\/span><a href=\"https:\/\/fr.wikipedia.org\/wiki\/Universit\u00e9_de_Rennes_II\"><span style=\"color:#000000;\"><span style=\"font-family:Arial, sans-serif;\"><span style=\"font-size:small;\">universit\u00e9 de Rennes II<\/span><\/span><\/span><\/a><span style=\"color:#000000;\"><span style=\"font-family:Arial, sans-serif;\"><span style=\"font-size:small;\">,<\/span><\/span><\/span><\/p>\n<\/div>\n<div id=\"sdfootnote14\">\n<p class=\"sdfootnote\"><a class=\"sdfootnotesym\" href=\"#sdfootnote14anc\" name=\"sdfootnote14sym\">14<\/a>1820 \u2013 1895 <span style=\"color:#000000;\"><span style=\"font-family:Arial, sans-serif;\"><span style=\"font-size:small;\">Engels a \u00e9t\u00e9 militant de la\u00a0<\/span><\/span><\/span><a href=\"https:\/\/fr.wikipedia.org\/wiki\/Ligue_des_communistes\"><span style=\"color:#000000;\"><span style=\"font-family:Arial, sans-serif;\"><span style=\"font-size:small;\">Ligue des communistes<\/span><\/span><\/span><\/a><span style=\"color:#000000;\"><span style=\"font-family:Arial, sans-serif;\"><span style=\"font-size:small;\">\u00a0<\/span><\/span><\/span><span style=\"color:#000000;\"><span style=\"font-family:Arial, sans-serif;\"><span style=\"font-size:small;\">et de l&rsquo;<\/span><\/span><\/span><a href=\"https:\/\/fr.wikipedia.org\/wiki\/Association_internationale_des_travailleurs\"><span style=\"color:#000000;\"><span style=\"font-family:Arial, sans-serif;\"><span style=\"font-size:small;\">Association internationale des travailleurs<\/span><\/span><\/span><\/a><span style=\"color:#000000;\"><span style=\"font-family:Arial, sans-serif;\"><span style=\"font-size:small;\">.<\/span><\/span><\/span><\/p>\n<\/div>\n<div id=\"sdfootnote15\">\n<p class=\"sdfootnote\"><a class=\"sdfootnotesym\" href=\"#sdfootnote15anc\" name=\"sdfootnote15sym\">15<\/a>1818 \u2013 1883 <span style=\"color:#000000;\"><span style=\"font-family:Arial, sans-serif;\"><span style=\"font-size:small;\">th\u00e9oricien de la\u00a0<\/span><\/span><\/span><a href=\"https:\/\/fr.wikipedia.org\/wiki\/R\u00e9volution\"><span style=\"color:#000000;\"><span style=\"font-family:Arial, sans-serif;\"><span style=\"font-size:small;\">r\u00e9volution<\/span><\/span><\/span><\/a><span style=\"color:#000000;\"><span style=\"font-family:Arial, sans-serif;\"><span style=\"font-size:small;\">,\u00a0<\/span><\/span><\/span><a href=\"https:\/\/fr.wikipedia.org\/wiki\/Socialisme\"><span style=\"color:#000000;\"><span style=\"font-family:Arial, sans-serif;\"><span style=\"font-size:small;\">socialiste<\/span><\/span><\/span><\/a><span style=\"color:#000000;\"><span style=\"font-family:Arial, sans-serif;\"><span style=\"font-size:small;\">\u00a0et\u00a0<\/span><\/span><\/span><a href=\"https:\/\/fr.wikipedia.org\/wiki\/Communisme\"><span style=\"color:#000000;\"><span style=\"font-family:Arial, sans-serif;\"><span style=\"font-size:small;\">communiste<\/span><\/span><\/span><\/a><span style=\"color:#000000;\"><span style=\"font-family:Arial, sans-serif;\"><span style=\"font-size:small;\">\u00a0<\/span><\/span><\/span><a href=\"https:\/\/fr.wikipedia.org\/wiki\/Allemagne\"><span style=\"color:#000000;\"><span style=\"font-family:Arial, sans-serif;\"><span style=\"font-size:small;\">allemand<\/span><\/span><\/span><\/a><span style=\"color:#000000;\"><span style=\"font-family:Arial, sans-serif;\"><span style=\"font-size:small;\">.<\/span><\/span><\/span><\/p>\n<\/div>\n<div id=\"sdfootnote16\">\n<p class=\"sdfootnote\"><span style=\"font-family:Arial, sans-serif;\"><span style=\"font-size:small;\"><a class=\"sdfootnotesym\" href=\"#sdfootnote16anc\" name=\"sdfootnote16sym\">16<\/a>S\u00e9gol\u00e8ne Royal aux obs\u00e8ques de Fidel Castro <span style=\"color:#222222;\">\u00ab\u00a0Il faut savoir regarder les choses positivement m\u00eame si \u00e7a d\u00e9range\u00a0\u00bb, a-t-elle encore affirm\u00e9, mettant en exergue \u00ab\u00a0la propret\u00e9 et la s\u00e9curit\u00e9 remarquable\u00a0\u00bb sur l&rsquo;\u00eele.<\/span> Le 4 d\u00e9cembre 2016<\/span><\/span><\/p>\n<\/div>\n<div id=\"sdfootnote17\">\n<p class=\"sdfootnote\"><a class=\"sdfootnotesym\" href=\"#sdfootnote17anc\" name=\"sdfootnote17sym\">17<\/a>1882 \u2013 1945 Pr\u00e9sident des USA.<span style=\"color:#252525;\"><span style=\"font-family:sans-serif;\"><span style=\"font-size:small;\">Confront\u00e9 \u00e0 la\u00a0<\/span><\/span><\/span><a href=\"https:\/\/fr.wikipedia.org\/wiki\/Grande_D\u00e9pression\"><span style=\"color:#0b0080;\"><span style=\"font-family:sans-serif;\"><span style=\"font-size:small;\">Grande D\u00e9pression<\/span><\/span><\/span><\/a><span style=\"color:#252525;\"><span style=\"font-family:sans-serif;\"><span style=\"font-size:small;\">, Roosevelt mit en \u0153uvre le\u00a0<\/span><\/span><\/span><a href=\"https:\/\/fr.wikipedia.org\/wiki\/New_Deal\"><span style=\"color:#0b0080;\"><span style=\"font-family:sans-serif;\"><span style=\"font-size:small;\"><i>New Deal<\/i><\/span><\/span><\/span><\/a><\/p>\n<\/div>\n<div id=\"sdfootnote18\">\n<p class=\"sdfootnote\"><a class=\"sdfootnotesym\" href=\"#sdfootnote18anc\" name=\"sdfootnote18sym\">18<\/a> <span style=\"font-family:Arial, sans-serif;\"><span style=\"font-size:small;\">\u00ab\u00a0Les Raisins d la Col\u00e8re\u00a0\u00bb<\/span><\/span> <span style=\"color:#000000;\"><span style=\"font-family:Arial, sans-serif;\"><span style=\"font-size:small;\">est un roman de John Steinbeck publi\u00e9 en 1939.<\/span><\/span><\/span><\/p>\n<\/div>\n<div id=\"sdfootnote19\">\n<p class=\"sdfootnote\"><a class=\"sdfootnotesym\" href=\"#sdfootnote19anc\" name=\"sdfootnote19sym\">19<\/a>Laurent Pietra <span style=\"color:#000000;\"><span style=\"font-family:Arial, sans-serif;\"><span style=\"font-size:small;\"><b>LES M\u00c9TAMORPHOSES DE JOSEPH <\/b><\/span><\/span><\/span> <span style=\"color:#000000;\"><span style=\"font-family:Arial, Arial, sans-serif;\"><span style=\"font-size:small;\">Sophiapol, Universit\u00e9 Paris Ouest Nanterre <\/span><\/span><\/span><\/p>\n<\/div>\n<div id=\"sdfootnote20\">\n<p class=\"sdfootnote\"><a class=\"sdfootnotesym\" href=\"#sdfootnote20anc\" name=\"sdfootnote20sym\">20<\/a>1856 \u2013 1933 Concepteur de la psychanalyse, et de la psychologie des profondeurs, analyste des r\u00eaves.<\/p>\n<\/div>\n<div id=\"sdfootnote21\">\n<p class=\"sdfootnote\"><a class=\"sdfootnotesym\" href=\"#sdfootnote21anc\" name=\"sdfootnote21sym\">21<\/a>Pierre Birnbaum <a href=\"https:\/\/fr.wikipedia.org\/wiki\/Historien\"><span style=\"color:#000000;\"><span style=\"font-family:Arial, sans-serif;\"><span style=\"font-size:small;\">historien<\/span><\/span><\/span><\/a><span style=\"color:#000000;\"><span style=\"font-family:Arial, sans-serif;\"><span style=\"font-size:small;\">\u00a0<\/span><\/span><\/span><span style=\"color:#000000;\"><span style=\"font-family:Arial, sans-serif;\"><span style=\"font-size:small;\">et\u00a0<\/span><\/span><\/span><a href=\"https:\/\/fr.wikipedia.org\/wiki\/Sociologue\"><span style=\"color:#000000;\"><span style=\"font-family:Arial, sans-serif;\"><span style=\"font-size:small;\">sociologue<\/span><\/span><\/span><\/a><span style=\"color:#000000;\"><span style=\"font-family:Arial, sans-serif;\"><span style=\"font-size:small;\">\u00a0<\/span><\/span><\/span><a href=\"https:\/\/fr.wikipedia.org\/wiki\/France\"><span style=\"color:#000000;\"><span style=\"font-family:Arial, sans-serif;\"><span style=\"font-size:small;\">fran\u00e7ais<\/span><\/span><\/span><\/a><span style=\"color:#000000;\"><span style=\"font-family:Arial, sans-serif;\"><span style=\"font-size:small;\">,<\/span><\/span><\/span><span style=\"color:#000000;\"><span style=\"font-family:sans-serif;\"><span style=\"font-size:small;\"> n\u00e9 en 1940<\/span><\/span><\/span><\/p>\n<\/div>\n<div id=\"sdfootnote22\">\n<p class=\"sdfootnote\"><a class=\"sdfootnotesym\" href=\"#sdfootnote22anc\" name=\"sdfootnote22sym\">22<\/a>Bill Gates et les d\u00e9veloppeurs de l&rsquo;informatique<\/p>\n<\/div>\n<div id=\"sdfootnote23\">\n<p class=\"sdfootnote\"><a class=\"sdfootnotesym\" href=\"#sdfootnote23anc\" name=\"sdfootnote23sym\">23<\/a>356 -323 av JC<\/p>\n<\/div>\n<div id=\"sdfootnote24\">\n<p class=\"sdfootnote\"><a class=\"sdfootnotesym\" href=\"#sdfootnote24anc\" name=\"sdfootnote24sym\">24<\/a>FAO, Programme Alimentaire Mondial, FMI, et peut-\u00eatre l&rsquo;Europe de Bruxelles dans son r\u00eave id\u00e9al<\/p>\n<\/div>\n<div id=\"sdfootnote25\">\n<p><a class=\"sdfootnotesym\" href=\"#sdfootnote25anc\" name=\"sdfootnote25sym\">25<\/a><span style=\"color:#252525;\"><span style=\"font-family:Arial, sans-serif;\"><span style=\"font-size:large;\">l<\/span><\/span><\/span><span style=\"color:#252525;\">\u00a0<\/span><span style=\"color:#252525;\"><span style=\"font-family:Arial, sans-serif;\"><span style=\"font-size:small;\">cr\u00e9\u00e9 en\u00a0<\/span><\/span><\/span><a href=\"https:\/\/fr.wikipedia.org\/wiki\/1971\"><span style=\"color:#0b0080;\"><span style=\"font-family:Arial, sans-serif;\"><span style=\"font-size:small;\">1971<\/span><\/span><\/span><\/a><span style=\"color:#252525;\"><span style=\"font-family:Arial, sans-serif;\"><span style=\"font-size:small;\">\u00a0<\/span><\/span><\/span><span style=\"color:#252525;\"><span style=\"font-family:Arial, sans-serif;\"><span style=\"font-size:small;\">par\u00a0<\/span><\/span><\/span><a href=\"https:\/\/fr.wikipedia.org\/wiki\/Klaus_M._Schwab\"><span style=\"color:#000000;\"><span style=\"font-family:Arial, sans-serif;\"><span style=\"font-size:small;\">Klaus M.Schwab<\/span><\/span><\/span><\/a><span style=\"color:#000000;\"><span style=\"font-family:Arial, sans-serif;\"><span style=\"font-size:small;\">,<\/span><\/span><\/span><span style=\"color:#252525;\"><span style=\"font-family:Arial, sans-serif;\"><span style=\"font-size:small;\"> professeur d\u2019\u00e9conomie en Suisse<\/span><\/span><\/span><\/p>\n<\/div>\n<div id=\"sdfootnote26\">\n<p class=\"sdfootnote\"><a class=\"sdfootnotesym\" href=\"#sdfootnote26anc\" name=\"sdfootnote26sym\">26<\/a>Cf l&rsquo;\u00e9lection de Trump aux USA, de Victor Orban en Hongrie, de Wladimr Poutine en Russie, etc.<\/p>\n<\/div>\n<div id=\"sdfootnote27\">\n<h3 class=\"western\"><a class=\"sdfootnotesym\" href=\"#sdfootnote27anc\" name=\"sdfootnote27sym\">27<\/a><a href=\"http:\/\/saintebible.com\/john\/17-21.htm\"><span style=\"color:#660099;\"><span style=\"font-family:Arial, sans-serif;\"><span style=\"font-size:small;\">Jean 17:21<\/span><\/span><\/span><\/a><\/h3>\n<\/div>\n<div id=\"sdfootnote28\">\n<p class=\"sdfootnote\" align=\"LEFT\"><a class=\"sdfootnotesym\" href=\"#sdfootnote28anc\" name=\"sdfootnote28sym\">28<\/a><em><span style=\"color:#6a6a6a;\"><span style=\"font-family:Arial, sans-serif;\"><span style=\"font-size:small;\"><b> Abb\u00e9<\/b><\/span><\/span><\/span><\/em><span style=\"color:#545454;\"><span style=\"font-family:Arial, sans-serif;\"><span style=\"font-size:small;\">\u00a0<\/span><\/span><\/span><span style=\"color:#545454;\"><span style=\"font-family:Arial, sans-serif;\"><span style=\"font-size:small;\">Paul\u00a0<\/span><\/span><\/span><em><span style=\"color:#6a6a6a;\"><span style=\"font-family:Arial, sans-serif;\"><span style=\"font-size:small;\"><b>Couturier<\/b><\/span><\/span><\/span><\/em><span style=\"color:#545454;\"><span style=\"font-family:Arial, sans-serif;\"><span style=\"font-size:small;\">\u00a0<\/span><\/span><\/span><span style=\"color:#545454;\"><span style=\"font-family:Arial, sans-serif;\"><span style=\"font-size:small;\"> (1881\u20131953)<\/span><\/span><\/span><span style=\"font-family:Arial, sans-serif;\"><span style=\"font-size:small;\"> initiateur de la semaine pour l&rsquo;unit\u00e9 des chr\u00e9tiens<\/span><\/span><\/p>\n<\/div>\n<div id=\"sdfootnote29\">\n<p class=\"sdfootnote\"><a class=\"sdfootnotesym\" href=\"#sdfootnote29anc\" name=\"sdfootnote29sym\">29<\/a> <span style=\"color:#000000;\"><span style=\"font-family:sans-serif;\"><span style=\"font-size:small;\">La premi\u00e8re,<\/span><\/span><\/span><span style=\"color:#000000;\"><span style=\"font-family:sans-serif;\"><span style=\"font-size:small;\"> organis\u00e9e par\u00a0<\/span><\/span><\/span><a href=\"https:\/\/fr.wikipedia.org\/wiki\/Jean-Paul_II\"><span style=\"color:#000000;\"><span style=\"font-family:sans-serif;\"><span style=\"font-size:small;\">Jean-Paul II<\/span><\/span><\/span><\/a> <span style=\"color:#000000;\"><span style=\"font-family:sans-serif;\"><span style=\"font-size:small;\">le 27 octobrre <\/span><\/span><\/span><a href=\"https:\/\/fr.wikipedia.org\/wiki\/1986\">1<\/a><span style=\"color:#000000;\"><span style=\"font-family:sans-serif;\"><span style=\"font-size:small;\">986<\/span><\/span><\/span><\/p>\n<\/div>\n","protected":false},"excerpt":{"rendered":"<p>l&rsquo;histoire de Joseph\u00a0Une (violente) actualit\u00e9 de r\u00eave \u00a0 La crise, ce sont les vaches maigres apr\u00e8s les vaches grasses qu&rsquo;ont \u00e9t\u00e9 les \u00ab\u00a0trente glorieuses\u00a0\u00bb1 &#8230; et tous les gouvernements cherchent le \u00abJoseph\u00a0\u00bb providentiel qui prendra la t\u00eate du pays, du FMI, de la Banque Mondiale ou du secr\u00e9tariat g\u00e9n\u00e9ral de l&rsquo;ONU. Chaque candidat \u00e0 l&rsquo;\u00e9lection [&hellip;]<\/p>\n","protected":false},"author":1,"featured_media":0,"comment_status":"open","ping_status":"open","sticky":false,"template":"","format":"standard","meta":{"footnotes":""},"categories":[1],"tags":[],"class_list":["post-636","post","type-post","status-publish","format-standard","hentry","category-non-classe"],"_links":{"self":[{"href":"https:\/\/bernardvanbaalen.com\/index.php?rest_route=\/wp\/v2\/posts\/636","targetHints":{"allow":["GET"]}}],"collection":[{"href":"https:\/\/bernardvanbaalen.com\/index.php?rest_route=\/wp\/v2\/posts"}],"about":[{"href":"https:\/\/bernardvanbaalen.com\/index.php?rest_route=\/wp\/v2\/types\/post"}],"author":[{"embeddable":true,"href":"https:\/\/bernardvanbaalen.com\/index.php?rest_route=\/wp\/v2\/users\/1"}],"replies":[{"embeddable":true,"href":"https:\/\/bernardvanbaalen.com\/index.php?rest_route=%2Fwp%2Fv2%2Fcomments&post=636"}],"version-history":[{"count":0,"href":"https:\/\/bernardvanbaalen.com\/index.php?rest_route=\/wp\/v2\/posts\/636\/revisions"}],"wp:attachment":[{"href":"https:\/\/bernardvanbaalen.com\/index.php?rest_route=%2Fwp%2Fv2%2Fmedia&parent=636"}],"wp:term":[{"taxonomy":"category","embeddable":true,"href":"https:\/\/bernardvanbaalen.com\/index.php?rest_route=%2Fwp%2Fv2%2Fcategories&post=636"},{"taxonomy":"post_tag","embeddable":true,"href":"https:\/\/bernardvanbaalen.com\/index.php?rest_route=%2Fwp%2Fv2%2Ftags&post=636"}],"curies":[{"name":"wp","href":"https:\/\/api.w.org\/{rel}","templated":true}]}}